{"id":1196,"date":"2015-05-17T19:40:54","date_gmt":"2015-05-17T19:40:54","guid":{"rendered":"http:\/\/eec.cat\/blog\/?p=1196"},"modified":"2015-05-17T19:41:37","modified_gmt":"2015-05-17T19:41:37","slug":"dia-a-dia-18-de-maig-24-de-maig-2015","status":"publish","type":"post","link":"https:\/\/eec.cat\/blog\/dia-a-dia-18-de-maig-24-de-maig-2015\/","title":{"rendered":"Dia a Dia. 18 de maig &#8211; 24 de maig 2015"},"content":{"rendered":"<p><strong><span style=\"text-decoration: underline;\"><span style=\"color: #0000ff; text-decoration: underline;\"><a href=\"http:\/\/eec.cat\/blog\/wp-content\/uploads\/2015\/05\/puestasol.jpg\"><img loading=\"lazy\" decoding=\"async\" class=\"alignleft size-thumbnail wp-image-1198\" src=\"http:\/\/eec.cat\/blog\/wp-content\/uploads\/2015\/05\/puestasol-150x150.jpg\" alt=\"puestasol\" width=\"150\" height=\"150\" \/><\/a>Dilluns, 18 de maig<\/span><\/span><\/strong><br \/>\nCoh\u00e8let 12, 1-7<\/p>\n<p>En aquesta vida sempre hi ha persones m\u00e9s joves i m\u00e9s velles que jo, sempre s\u00f3c al mig d\u2019uns i altres, per uns la joventut encara no m\u2019ha abandonat, per\u00f2 per altres ja s\u00f3c prou gran. Senyor, et demano que em donis saviesa per escoltar aquells que han viscut m\u00e9s que jo, perqu\u00e8 s\u00e0piga apreciar el seu consell, per\u00f2 tamb\u00e9 que les meves paraules puguin ajudar als m\u00e9s joves, els que venen rere meu. Que la teva saviesa em doni la capacitat d\u2019escoltar i parlar.<\/p>\n<p><strong><span style=\"text-decoration: underline;\"><span style=\"color: #0000ff; text-decoration: underline;\">Dimarts, 19 de maig<\/span><\/span><\/strong><br \/>\nCoh\u00e8let 12, 8-13<\/p>\n<p>Arribada al final del llarg discurs del predicador sento que veritablement donem massa import\u00e0ncia a coses que s\u00f3n vanitat, que m\u00e9s dona si tens o et manca, si ets jove o vella, si saps o encara has d\u2019aprendre. Senyor i D\u00e9u meu, com diu el predicador vull construir la meva vida amb rever\u00e8ncia a tu i saber guardar la teva paraula, s\u00e9 que amb aquest dos pilars podr\u00e9 construir tot lo altre.<\/p>\n<p><strong><span style=\"text-decoration: underline;\"><span style=\"color: #0000ff; text-decoration: underline;\">Dimecres, 20 de maig<\/span><\/span><\/strong><br \/>\nProverbis 1, 20-33<\/p>\n<p>Senyor i D\u00e9u meu, perdona\u2019m si masses vegades he pensat que guiada pel meu propi criteri, construint fora de tu, podia fer front a tot el que em deparava aquesta vida. Certament, mentre tot i joia i alegria sembla que em pugui bastar jo sola, per\u00f2 quan arriba la tempesta, quan el dolor i els plors s\u00f3n el pa nostra de cada dia, aleshores \u00e9s que m\u2019adono de quan necessito el teu consell. Perdona\u2019m Senyor, i vessa sobre mi l\u2019esperit de la teva saviesa.<\/p>\n<p><strong><span style=\"text-decoration: underline;\"><span style=\"color: #0000ff; text-decoration: underline;\">Dijous, 21 de maig<\/span><\/span><\/strong><br \/>\nProverbis 2, 1-11<\/p>\n<p>He buscat el coneixement en els savis d\u2019aquest m\u00f3n, he buscat la intel\u00b7lig\u00e8ncia en els llibres, i el seny en el discurs honrat, per\u00f2 a la fi he de recon\u00e8ixer Senyor que solament en tu puc omplir plenament aquest dons, solament de tu raja el complet coneixement i la saviesa que salva del perill. Gr\u00e0cies Senyor perqu\u00e8 est\u00e0s disposat a oferir-nos aquest regals perqu\u00e8 puguem trobar la felicitat, fins i tot en els moments dif\u00edcils.<\/p>\n<p><strong><span style=\"text-decoration: underline;\"><span style=\"color: #0000ff; text-decoration: underline;\">Divendres, 22 de maig<\/span><\/span><\/strong><br \/>\nProverbis 3, 5-12<\/p>\n<p>Vull confiar en tu Senyor, vull caminar sota el sol o la pluja amb passes segures, conven\u00e7uda que em portes de la m\u00e0, per\u00f2 moltes vegades, sobre tot en els moments de foscor, la meva confian\u00e7a trontolla i qualsevol pedra em fa ensopegar. Si us plau, Senyor, fes cr\u00e9ixer en mi una esperan\u00e7a ferma, alimentada pel teu amor.<\/p>\n<p><strong><span style=\"text-decoration: underline;\"><span style=\"color: #0000ff; text-decoration: underline;\">Dissabte, 23 de maig<\/span><\/span><\/strong><br \/>\nProverbis 3, 13-20<\/p>\n<p>Ai Senyor, si l\u2019\u00e9sser hum\u00e0 poses tantes ganes en augmentar la seva saviesa com ho fa per augmentar les seves possessions, certament el m\u00f3n seria totalment diferent si estim\u00e9ssim la prud\u00e8ncia, el seny i la intel\u00b7lig\u00e8ncia com estimem l\u2019or i la plata. D\u00e9u meu, et demano que facis del teu poble una guia per la humanitat, que en nosaltres puguin veure una forma diferent de viure, inspirada en Jes\u00fas, encoratjada pel teu Esperit.<\/p>\n<p><strong><span style=\"text-decoration: underline;\"><span style=\"color: #0000ff; text-decoration: underline;\">Diumenge, 24 de maig<\/span><\/span><\/strong><br \/>\nSalm 111<\/p>\n<p>Gr\u00e0cies D\u00e9u meu per aquest mat\u00ed de diumenge, gr\u00e0cies perqu\u00e8 em dones la oportunitat d\u2019oferir-te la meva lloan\u00e7a. Gr\u00e0cies per totes les teves filles i els teus fills que avui aixequen la seva veu per proclamar que fas coses meravelloses, que totes les teves obres s\u00f3n justes i que amb amor i saviesa ens has conduit fins aqu\u00ed. Que no calli avui la meva veu, que el meu clam pugi al cel per donar-te gr\u00e0cies.<\/p>\n","protected":false},"excerpt":{"rendered":"<p>Dilluns, 18 de maig Coh\u00e8let 12, 1-7 En aquesta vida sempre hi ha persones m\u00e9s joves i m\u00e9s velles que jo, sempre s\u00f3c al mig d\u2019uns i altres, per uns la joventut encara no m\u2019ha abandonat, per\u00f2 per altres ja s\u00f3c prou gran. Senyor, et demano que em donis saviesa per escoltar aquells que han [&hellip;]<\/p>\n","protected":false},"author":1,"featured_media":0,"comment_status":"open","ping_status":"open","sticky":false,"template":"","format":"standard","meta":{"_jetpack_memberships_contains_paid_content":false,"footnotes":""},"categories":[7],"tags":[],"class_list":["post-1196","post","type-post","status-publish","format-standard","hentry","category-meditacions-diaries"],"jetpack_sharing_enabled":true,"jetpack_featured_media_url":"","_links":{"self":[{"href":"https:\/\/eec.cat\/blog\/wp-json\/wp\/v2\/posts\/1196","targetHints":{"allow":["GET"]}}],"collection":[{"href":"https:\/\/eec.cat\/blog\/wp-json\/wp\/v2\/posts"}],"about":[{"href":"https:\/\/eec.cat\/blog\/wp-json\/wp\/v2\/types\/post"}],"author":[{"embeddable":true,"href":"https:\/\/eec.cat\/blog\/wp-json\/wp\/v2\/users\/1"}],"replies":[{"embeddable":true,"href":"https:\/\/eec.cat\/blog\/wp-json\/wp\/v2\/comments?post=1196"}],"version-history":[{"count":0,"href":"https:\/\/eec.cat\/blog\/wp-json\/wp\/v2\/posts\/1196\/revisions"}],"wp:attachment":[{"href":"https:\/\/eec.cat\/blog\/wp-json\/wp\/v2\/media?parent=1196"}],"wp:term":[{"taxonomy":"category","embeddable":true,"href":"https:\/\/eec.cat\/blog\/wp-json\/wp\/v2\/categories?post=1196"},{"taxonomy":"post_tag","embeddable":true,"href":"https:\/\/eec.cat\/blog\/wp-json\/wp\/v2\/tags?post=1196"}],"curies":[{"name":"wp","href":"https:\/\/api.w.org\/{rel}","templated":true}]}}