{"id":1187,"date":"2015-05-11T12:16:56","date_gmt":"2015-05-11T12:16:56","guid":{"rendered":"http:\/\/eec.cat\/blog\/?p=1187"},"modified":"2015-05-11T12:16:56","modified_gmt":"2015-05-11T12:16:56","slug":"dia-a-dia-11-de-maig-17-de-maig-2015","status":"publish","type":"post","link":"https:\/\/eec.cat\/blog\/dia-a-dia-11-de-maig-17-de-maig-2015\/","title":{"rendered":"Dia a Dia. 11 de maig &#8211; 17 de maig 2015"},"content":{"rendered":"<p><strong><span style=\"text-decoration: underline;\"><span style=\"color: #0000ff; text-decoration: underline;\"><a href=\"http:\/\/eec.cat\/blog\/wp-content\/uploads\/2014\/02\/almendro.jpg\"><img loading=\"lazy\" decoding=\"async\" class=\"alignleft size-thumbnail wp-image-475\" src=\"http:\/\/eec.cat\/blog\/wp-content\/uploads\/2014\/02\/almendro-150x150.jpg\" alt=\"almendro\" width=\"150\" height=\"150\" \/><\/a>Dilluns, 11 de maig<\/span><\/span><\/strong><br \/>\nCoh\u00e8let 9, 7-10<\/p>\n<p>Gr\u00e0cies Senyor per cada do que m\u2019atorgues, per cada persona a la que puc estimar, per cada somriure que puc compartir i cada abra\u00e7ada que tinc ganes de donar. Gr\u00e0cies per concedir-me moments d\u2019esbarjo i felicitat, on amb amics i amigues puc gaudir de cadascuna de les meravelloses coses que has posat amb meu abast. Et demano que mai em cansi de gaudir, i que sempre s\u00e0piga agrair la diversi\u00f3.<\/p>\n<p><strong><span style=\"text-decoration: underline;\"><span style=\"color: #0000ff; text-decoration: underline;\">Dimarts, 12 de maig<\/span><\/span><\/strong><br \/>\nCoh\u00e8let 9, 11-12<\/p>\n<p>Senyor i D\u00e9u meu, fes que s\u00e0piga acceptar all\u00f2 que la vida em d\u00f3na, sigui bo o dolent, sigui agradable o dolor\u00f3s; fes que no em cregui mereixedora de m\u00e9s del que tinc, vull aprendre a gaudir de cada instant, sense haver d\u2019esperar l\u2019arribada d\u2019un altre. S\u00e9 que moltes vegades espero coses que no arriben, fes-me, si us plau, serena per a saber acceptar all\u00f2 que tinc i no perdre els dies buscant el que no tindre.<\/p>\n<p><strong><span style=\"text-decoration: underline;\"><span style=\"color: #0000ff; text-decoration: underline;\">Dimecres, 13 de maig<\/span><\/span><\/strong><br \/>\nCoh\u00e8let 9, 13-17<\/p>\n<p>Quantes vegades he mirat a les persones i no he vist el que s\u00f3n sin\u00f3 all\u00f2 que aparentaven? Senyor, masses cops he menyspreat a persones perqu\u00e8 no pensava que rere la seva fa\u00e7ana hi pogu\u00e9s haver res de profit, per\u00f2 sota cada persona, sota la roba i la talla, sota els diners que la vesteixen o la brut\u00edcia que l\u2019amaga hi ha un \u00e9sser hum\u00e0 que pot estar ple de capacitats. D\u00e9u meu, fes que tingui la paci\u00e8ncia i la capacitat de descobrir en tothom o totadon all\u00f2 de meravell\u00f3s que te.<\/p>\n<p><strong><span style=\"text-decoration: underline;\"><span style=\"color: #0000ff; text-decoration: underline;\">Dijous, 14 de maig<\/span><\/span><\/strong><br \/>\nCoh\u00e8let 10, 1-13<\/p>\n<p>Senyor i D\u00e9u meu, moltes vegades camino per aquesta vida sense adonar-me que la saviesa \u00e9s profitosa en tot moment, les coses m\u00e9s petites fetes amb seny surten millor. \u00c9s curi\u00f3s perqu\u00e8 poso cura en all\u00f2 que considero m\u00e9s important i, a la fi, l\u2019ensopegada pot vindre en la tasca m\u00e9s quotidiana. D\u00f3na\u2019m Senyor la responsabilitat de fer-ho tot amb molta cura.<\/p>\n<p><strong><span style=\"text-decoration: underline;\"><span style=\"color: #0000ff; text-decoration: underline;\">Divendres, 15 de maig<\/span><\/span><\/strong><br \/>\nCoh\u00e8let 10, 14-20<\/p>\n<p>No s\u00e9 Senyor si es per niciesa que em canso de les feines, no s\u00e9 pas si \u00e9s per manca de seny que m\u2019esgota el treball; per\u00f2 el que \u00e9s cert \u00e9s que no sempre \u00e9s f\u00e0cil fer i tirar endavant, no \u00e9s f\u00e0cil sempre tindre forces i ganes, per aix\u00f2 et demano que tu omplis de forces de per tot all\u00f2 que tinc encomanat, que la teva m\u00e0 em porti i m\u2019aixequi i que la teva saviesa m\u2019acompanyi.<\/p>\n<p><strong><span style=\"text-decoration: underline;\"><span style=\"color: #0000ff; text-decoration: underline;\">Dissabte, 16 de maig<\/span><\/span><\/strong><br \/>\nCoh\u00e8let 11, 1-6<\/p>\n<p>Senyor, moltes vegades la rutina dels treballs fa que ens desencantem, fer sempre el mateix, dia rere dia les mateixes tasques; m\u2019agradaria retrobar aquell esperit de felicitat que la novetat ens ofereix, sembrar com si fos el primer dia, recollir com si tingues la meva primera collita. Gr\u00e0cies Senyor perqu\u00e8 tinc la possibilitat de fer, no deixis que el meu cansament em tregui la il\u00b7lusi\u00f3.<\/p>\n<p><strong><span style=\"text-decoration: underline;\"><span style=\"color: #0000ff; text-decoration: underline;\">Diumenge, 17 de maig<\/span><\/span><\/strong><br \/>\nSalm 84<\/p>\n<p>Gr\u00e0cies Senyor perqu\u00e8 en mig del teu poble sento veritablement la teva pres\u00e8ncia, cada mat\u00ed de diumenge, entre petons i somriures, puc viure plenament l\u2019alegria de la teva salvaci\u00f3. Gr\u00e0cies D\u00e9u meu per tots els meus germans i les meves germanes, perqu\u00e8 en cadascun i cadascuna puc veure el teu rostre. Beneeix-nos!<\/p>\n","protected":false},"excerpt":{"rendered":"<p>Dilluns, 11 de maig Coh\u00e8let 9, 7-10 Gr\u00e0cies Senyor per cada do que m\u2019atorgues, per cada persona a la que puc estimar, per cada somriure que puc compartir i cada abra\u00e7ada que tinc ganes de donar. Gr\u00e0cies per concedir-me moments d\u2019esbarjo i felicitat, on amb amics i amigues puc gaudir de cadascuna de les meravelloses [&hellip;]<\/p>\n","protected":false},"author":1,"featured_media":0,"comment_status":"open","ping_status":"open","sticky":false,"template":"","format":"standard","meta":{"_jetpack_memberships_contains_paid_content":false,"footnotes":""},"categories":[7],"tags":[],"class_list":["post-1187","post","type-post","status-publish","format-standard","hentry","category-meditacions-diaries"],"jetpack_sharing_enabled":true,"jetpack_featured_media_url":"","_links":{"self":[{"href":"https:\/\/eec.cat\/blog\/wp-json\/wp\/v2\/posts\/1187","targetHints":{"allow":["GET"]}}],"collection":[{"href":"https:\/\/eec.cat\/blog\/wp-json\/wp\/v2\/posts"}],"about":[{"href":"https:\/\/eec.cat\/blog\/wp-json\/wp\/v2\/types\/post"}],"author":[{"embeddable":true,"href":"https:\/\/eec.cat\/blog\/wp-json\/wp\/v2\/users\/1"}],"replies":[{"embeddable":true,"href":"https:\/\/eec.cat\/blog\/wp-json\/wp\/v2\/comments?post=1187"}],"version-history":[{"count":0,"href":"https:\/\/eec.cat\/blog\/wp-json\/wp\/v2\/posts\/1187\/revisions"}],"wp:attachment":[{"href":"https:\/\/eec.cat\/blog\/wp-json\/wp\/v2\/media?parent=1187"}],"wp:term":[{"taxonomy":"category","embeddable":true,"href":"https:\/\/eec.cat\/blog\/wp-json\/wp\/v2\/categories?post=1187"},{"taxonomy":"post_tag","embeddable":true,"href":"https:\/\/eec.cat\/blog\/wp-json\/wp\/v2\/tags?post=1187"}],"curies":[{"name":"wp","href":"https:\/\/api.w.org\/{rel}","templated":true}]}}