{"id":1184,"date":"2015-05-08T09:45:50","date_gmt":"2015-05-08T09:45:50","guid":{"rendered":"http:\/\/eec.cat\/blog\/?p=1184"},"modified":"2015-05-08T09:45:50","modified_gmt":"2015-05-08T09:45:50","slug":"una-sentencia-reconeix-per-primera-vegada-una-pensio-publica-pels-pastors-evangelics-i-les-seves-viudes","status":"publish","type":"post","link":"https:\/\/eec.cat\/blog\/una-sentencia-reconeix-per-primera-vegada-una-pensio-publica-pels-pastors-evangelics-i-les-seves-viudes\/","title":{"rendered":"Una sentencia reconeix per primera vegada una pensi\u00f3 p\u00fablica pels pastors evang\u00e8lics i les seves viudes"},"content":{"rendered":"<p><strong>NOTA DE PREMSA IEE<\/strong><\/p>\n<p><strong>Una sentencia reconeix per primera vegada una pensi\u00f3 p\u00fablica pels pastors evang\u00e8lics i les seves viudes<\/strong><\/p>\n<p><strong>&#8211; La Seguretat Social els deneg\u00e0 aquest dret durant el franquisme al no recon\u00e8ixer la seva categoria laboral<\/strong><\/p>\n<p><strong><img loading=\"lazy\" decoding=\"async\" class=\"alignleft size-full wp-image-1185\" src=\"http:\/\/eec.cat\/blog\/wp-content\/uploads\/2015\/05\/1888509_10152343158883844_4350083777927582520_n.png\" alt=\"1888509_10152343158883844_4350083777927582520_n\" width=\"209\" height=\"210\" srcset=\"https:\/\/eec.cat\/blog\/wp-content\/uploads\/2015\/05\/1888509_10152343158883844_4350083777927582520_n.png 209w, https:\/\/eec.cat\/blog\/wp-content\/uploads\/2015\/05\/1888509_10152343158883844_4350083777927582520_n-150x150.png 150w\" sizes=\"auto, (max-width: 209px) 100vw, 209px\" \/>El jutjat del social n\u00famero 16 de Barcelona ha reconegut per primer cop el dret que t\u00e9 la viuda d&#8217;un pastor protestant a cobrar una pensi\u00f3 p\u00fablica. Durant el franquisme, l&#8217;Estat no va permetre que cotitz\u00e9s, al no recon\u00e8ixer aquesta categoria laboral, i malgrat que la Constituci\u00f3 exigeix des de 1978 atorgar un mateix tracte a totes les confessions religioses, la llei no els va recon\u00e8ixer aquest dret fins l&#8217;any 1999.<\/strong><\/p>\n<p>La sent\u00e8ncia, que pot ser recorreguda, considera que als pastors evang\u00e8lics se&#8217;ls han vulnerat dos drets fonamentals: el dret a la llibertat religiosa, i el de no discriminaci\u00f3 respecte als sacerdots cat\u00f2lics, que poden cotitzar des de 1977.<\/p>\n<p>A l&#8217;abril de 2012, una sent\u00e8ncia del Tribunal Europeu de Drets Humans (TEDH) va declarar que Espanya havia vulnerat els drets dels pastors evang\u00e8lics. Des de llavors, l&#8217;Estat no ha fet cap gest per reparar aquesta situaci\u00f3. Per aquest motiu, els pastors evang\u00e8lics afectats han hagut d&#8217;acudir individualment als tribunals per demanar que se&#8217;ls reconegui aquest dret, i aquesta \u00e9s la primera sent\u00e8ncia al respecte que es dicta a l&#8217;Estat despr\u00e9s del pronunciament del TEDH. Ara, estan pendents de resoluci\u00f3 diferents casos en jutjats del social de tot l&#8217;Estat.<\/p>\n<p>En aquest cas ara resolt, el pastor evang\u00e8lic havia desenvolupat la seva activitat pastoral durant m\u00e9s e 30 anys a l&#8217;Esgl\u00e9sia Evang\u00e8lica Espanyola, i per aix\u00f2 va percebre una retribuci\u00f3, per\u00f2 no es va permetre que cotitz\u00e9s a la Seguretat Social. Al 1990 es va jubilar, per\u00f2 no va tenir acc\u00e9s a una pensi\u00f3 p\u00fablica. Va morir l&#8217;any 2011 i la seva viuda va iniciar al 2013 els tr\u00e0mits per reclamar la pensi\u00f3 que ara li ha estat reconeguda.<\/p>\n<p>Segons el jutge, com que no hi ha cap normativa directament aplicable al cas, obliga a l&#8217;Estat a reparar anal\u00f2gicament, com a \u00fanica soluci\u00f3 d&#8217;acord amb la Constituci\u00f3, una norma que es va fer pels religiosos cat\u00f2lics que van secularitzar-se, tot i que aquest text exigeix el beneficiari que pagui un capital cost per la nova pensi\u00f3 reconeguda, i aix\u00f2 penalitza novament a l&#8217;interessat.<\/p>\n<p>Per aix\u00f2, la sent\u00e8ncia considera que la viuda no ha de pagar cap quantia per la nova pensi\u00f3, en compensaci\u00f3 pels danys que han sofert ella i el seu marit com a conseq\u00fc\u00e8ncia de la vulneraci\u00f3 dels seus drets.<\/p>\n","protected":false},"excerpt":{"rendered":"<p>NOTA DE PREMSA IEE Una sentencia reconeix per primera vegada una pensi\u00f3 p\u00fablica pels pastors evang\u00e8lics i les seves viudes &#8211; La Seguretat Social els deneg\u00e0 aquest dret durant el franquisme al no recon\u00e8ixer la seva categoria laboral El jutjat del social n\u00famero 16 de Barcelona ha reconegut per primer cop el dret que t\u00e9 [&hellip;]<\/p>\n","protected":false},"author":1,"featured_media":1185,"comment_status":"open","ping_status":"open","sticky":false,"template":"","format":"standard","meta":{"_jetpack_memberships_contains_paid_content":false,"footnotes":""},"categories":[42],"tags":[79,80],"class_list":["post-1184","post","type-post","status-publish","format-standard","has-post-thumbnail","hentry","category-declaracions","tag-pastor-evangelics","tag-pensio-publica"],"jetpack_sharing_enabled":true,"jetpack_featured_media_url":"https:\/\/eec.cat\/blog\/wp-content\/uploads\/2015\/05\/1888509_10152343158883844_4350083777927582520_n.png","_links":{"self":[{"href":"https:\/\/eec.cat\/blog\/wp-json\/wp\/v2\/posts\/1184","targetHints":{"allow":["GET"]}}],"collection":[{"href":"https:\/\/eec.cat\/blog\/wp-json\/wp\/v2\/posts"}],"about":[{"href":"https:\/\/eec.cat\/blog\/wp-json\/wp\/v2\/types\/post"}],"author":[{"embeddable":true,"href":"https:\/\/eec.cat\/blog\/wp-json\/wp\/v2\/users\/1"}],"replies":[{"embeddable":true,"href":"https:\/\/eec.cat\/blog\/wp-json\/wp\/v2\/comments?post=1184"}],"version-history":[{"count":0,"href":"https:\/\/eec.cat\/blog\/wp-json\/wp\/v2\/posts\/1184\/revisions"}],"wp:featuredmedia":[{"embeddable":true,"href":"https:\/\/eec.cat\/blog\/wp-json\/wp\/v2\/media\/1185"}],"wp:attachment":[{"href":"https:\/\/eec.cat\/blog\/wp-json\/wp\/v2\/media?parent=1184"}],"wp:term":[{"taxonomy":"category","embeddable":true,"href":"https:\/\/eec.cat\/blog\/wp-json\/wp\/v2\/categories?post=1184"},{"taxonomy":"post_tag","embeddable":true,"href":"https:\/\/eec.cat\/blog\/wp-json\/wp\/v2\/tags?post=1184"}],"curies":[{"name":"wp","href":"https:\/\/api.w.org\/{rel}","templated":true}]}}