{"id":1180,"date":"2015-05-03T21:07:20","date_gmt":"2015-05-03T21:07:20","guid":{"rendered":"http:\/\/eec.cat\/blog\/?p=1180"},"modified":"2015-05-03T21:08:32","modified_gmt":"2015-05-03T21:08:32","slug":"dia-a-dia-4-de-maig-10-de-maig-2015","status":"publish","type":"post","link":"https:\/\/eec.cat\/blog\/dia-a-dia-4-de-maig-10-de-maig-2015\/","title":{"rendered":"Dia a Dia. 4 de maig &#8211; 10 de maig 2015"},"content":{"rendered":"<p><strong><span style=\"text-decoration: underline;\"><span style=\"color: #0000ff; text-decoration: underline;\"><a href=\"http:\/\/eec.cat\/blog\/wp-content\/uploads\/2015\/05\/bahia.jpg\"><img loading=\"lazy\" decoding=\"async\" class=\"alignleft size-thumbnail wp-image-1181\" src=\"http:\/\/eec.cat\/blog\/wp-content\/uploads\/2015\/05\/bahia-150x150.jpg\" alt=\"bahia\" width=\"150\" height=\"150\" \/><\/a>Dilluns, 4 de maig<\/span><\/span><\/strong><br \/>\nCoh\u00e8let 7, 23-25<\/p>\n<p>He caminat i buscat, he intentat trobar-te, per\u00f2 un vel em separa de tu, una boira m\u2019amaga la teva ruta; Senyor, com arribar\u00e9 a con\u00e8ixer-te? Com ser\u00e9 s\u00e0via en les teves coses i comprendre la teva voluntat? Solament si tu m\u2019ensenyes, solament si tu et reveles, per aix\u00f2 et demano que obris les meves o\u00efdes per escoltar-te i els meus ulls per veure\u2019t, s\u00e9 que est\u00e0s amb mi, solament he de ser sensible a tu.<\/p>\n<p><strong><span style=\"text-decoration: underline;\"><span style=\"color: #0000ff; text-decoration: underline;\">Dimarts, 5 de maig<\/span><\/span><\/strong><br \/>\nCoh\u00e8let 7, 26-29<\/p>\n<p>Perdona\u2019m Senyor, perqu\u00e8 moltes vegades s\u00f3c com el Predicador, em perdo en estereotips i no m\u2019esfor\u00e7o en con\u00e8ixer les persones, perqu\u00e8 la imatge que m\u2019he fet d\u2019elles ja em serveix. Perdona\u2019m perqu\u00e8 tu m\u2019has conegut a mi, per\u00f2 jo no he volgut acostar-me als altres. Mostra\u2019m Senyor la teva imatge en cada \u00e9sser hum\u00e0, perqu\u00e8 pugui estimar-lo com tu has fet amb mi.<\/p>\n<p><strong><span style=\"text-decoration: underline;\"><span style=\"color: #0000ff; text-decoration: underline;\">Dimecres, 6 de maig<\/span><\/span><\/strong><br \/>\nCoh\u00e8let 8, 1-9<\/p>\n<p>D\u00f3na\u2019m saviesa Senyor, que la meva boca parli les paraules justes en els moments adequats, que s\u00e0piga que haig de fer davant les diferents situacions, no \u00e9s f\u00e0cil Senyor est\u00e0 sempre encertada, quantes vegades la meva arrog\u00e0ncia i la meva des\u00eddia no m\u2019han fet actuar malament? Per aix\u00f2 busco en tu el coneixement, per aix\u00f2 busco amb tu l\u2019amor que inspira la bondat.<\/p>\n<p><strong><span style=\"text-decoration: underline;\"><span style=\"color: #0000ff; text-decoration: underline;\">Dijous, 7 de maig<\/span><\/span><\/strong><br \/>\nCoh\u00e8let 8, 10-15<\/p>\n<p>Senyor, si miro al meu voltant m\u2019adono de quant injusta \u00e9s la paga d\u2019aquesta vida, com aquell qui no mereix rep, i el que hauria de ser lloat \u00e9s oblidat per la mem\u00f2ria. Fes-me viure la teva just\u00edcia Senyor, que sigui en tu que busqui jo la vida, i que el teu al\u00e8 m\u2019impulsi a actuar justament amb els qui m\u2019envolten. No deixis que m\u2019enlluernin ni les riqueses ni les mascares dels altres, fes-me veure amb claredat el cor de les persones, per poder estimar-les a totes.<\/p>\n<p><strong><span style=\"text-decoration: underline;\"><span style=\"color: #0000ff; text-decoration: underline;\">Divendres, 8 de maig<\/span><\/span><\/strong><br \/>\nCoh\u00e8let 8, 16-17<\/p>\n<p>Qui pot entendre els teus camins? Qui pot copsar el teu amor? Qui mirar\u00e0 al cel i podr\u00e0 dir: jo conec a D\u00e9u? Per m\u00e9s que busqui s\u00e9 que mai arribar\u00e9 a tindre la saviesa que vull, el discerniment perfecte que faci de la meva vida una benedicci\u00f3, per\u00f2 Senyor fes que no abandoni el cam\u00ed, que no defalleixi en l\u2019intent, perqu\u00e8 quan miro enrere veig que s\u00ed he apr\u00e9s, i encara que la meta \u00e9s lluny, no vull abandonar la carrera d\u2019aconseguir-la.<\/p>\n<p><strong><span style=\"text-decoration: underline;\"><span style=\"color: #0000ff; text-decoration: underline;\">Dissabte, 9 de maig<\/span><\/span><\/strong><br \/>\nCoh\u00e8let 9, 1-6<\/p>\n<p>D\u00e9u i Senyor meu, et demano que em donis la saviesa de viure en els teus camins, certament, con diu el predicador, on hi ha vida hi ha esperan\u00e7a, i sempre una possibilitat oberta per encetar de nou camins malbaratats. Vull aprofitar el temps que tingui sota el sol per a fer el b\u00e9 i per posar la meva vida com una eina per el teu Regne.<\/p>\n<p><strong><span style=\"text-decoration: underline;\"><span style=\"color: #0000ff; text-decoration: underline;\">Diumenge, 10 de maig<\/span><\/span><\/strong><br \/>\nSalm 121<\/p>\n<p>Gr\u00e0cies Senyor i D\u00e9u meu perqu\u00e8 ets tu qui guarda el teu poble, qui cuida d\u2019ell i el fa n\u00e9ixer i cr\u00e9ixer, gr\u00e0cies Senyor perqu\u00e8 el nostre futur i la nostra vida no est\u00e0 en mans de cap \u00e9sser hum\u00e0, sin\u00f3 en les teves, unes mans que ens cuiden i ens sostenen, ara i sempre.<\/p>\n","protected":false},"excerpt":{"rendered":"<p>Dilluns, 4 de maig Coh\u00e8let 7, 23-25 He caminat i buscat, he intentat trobar-te, per\u00f2 un vel em separa de tu, una boira m\u2019amaga la teva ruta; Senyor, com arribar\u00e9 a con\u00e8ixer-te? Com ser\u00e9 s\u00e0via en les teves coses i comprendre la teva voluntat? Solament si tu m\u2019ensenyes, solament si tu et reveles, per aix\u00f2 [&hellip;]<\/p>\n","protected":false},"author":1,"featured_media":0,"comment_status":"open","ping_status":"open","sticky":false,"template":"","format":"standard","meta":{"_jetpack_memberships_contains_paid_content":false,"footnotes":""},"categories":[7],"tags":[],"class_list":["post-1180","post","type-post","status-publish","format-standard","hentry","category-meditacions-diaries"],"jetpack_sharing_enabled":true,"jetpack_featured_media_url":"","_links":{"self":[{"href":"https:\/\/eec.cat\/blog\/wp-json\/wp\/v2\/posts\/1180","targetHints":{"allow":["GET"]}}],"collection":[{"href":"https:\/\/eec.cat\/blog\/wp-json\/wp\/v2\/posts"}],"about":[{"href":"https:\/\/eec.cat\/blog\/wp-json\/wp\/v2\/types\/post"}],"author":[{"embeddable":true,"href":"https:\/\/eec.cat\/blog\/wp-json\/wp\/v2\/users\/1"}],"replies":[{"embeddable":true,"href":"https:\/\/eec.cat\/blog\/wp-json\/wp\/v2\/comments?post=1180"}],"version-history":[{"count":0,"href":"https:\/\/eec.cat\/blog\/wp-json\/wp\/v2\/posts\/1180\/revisions"}],"wp:attachment":[{"href":"https:\/\/eec.cat\/blog\/wp-json\/wp\/v2\/media?parent=1180"}],"wp:term":[{"taxonomy":"category","embeddable":true,"href":"https:\/\/eec.cat\/blog\/wp-json\/wp\/v2\/categories?post=1180"},{"taxonomy":"post_tag","embeddable":true,"href":"https:\/\/eec.cat\/blog\/wp-json\/wp\/v2\/tags?post=1180"}],"curies":[{"name":"wp","href":"https:\/\/api.w.org\/{rel}","templated":true}]}}