{"id":1167,"date":"2015-04-26T19:40:24","date_gmt":"2015-04-26T19:40:24","guid":{"rendered":"http:\/\/eec.cat\/blog\/?p=1167"},"modified":"2015-04-26T19:40:24","modified_gmt":"2015-04-26T19:40:24","slug":"el-govern-espanol-fa-cas-omis-a-la-sentencia-del-tribunal-europeu-de-drets-humans","status":"publish","type":"post","link":"https:\/\/eec.cat\/blog\/el-govern-espanol-fa-cas-omis-a-la-sentencia-del-tribunal-europeu-de-drets-humans\/","title":{"rendered":"El Govern Espa\u00f1ol fa cas om\u00eds a la sent\u00e8ncia del Tribunal Europeu de Drets Humans"},"content":{"rendered":"<p>Font: Iglesia Evang\u00e9lica Espa\u00f1ola<\/p>\n<p><a href=\"http:\/\/eec.cat\/blog\/wp-content\/uploads\/2015\/04\/iee_blog.jpg\"><img loading=\"lazy\" decoding=\"async\" class=\"alignleft size-thumbnail wp-image-1168\" src=\"http:\/\/eec.cat\/blog\/wp-content\/uploads\/2015\/04\/iee_blog-150x150.jpg\" alt=\"iee_blog\" width=\"150\" height=\"150\" srcset=\"https:\/\/eec.cat\/blog\/wp-content\/uploads\/2015\/04\/iee_blog-150x150.jpg 150w, https:\/\/eec.cat\/blog\/wp-content\/uploads\/2015\/04\/iee_blog.jpg 200w\" sizes=\"auto, (max-width: 150px) 100vw, 150px\" \/><\/a>Una vegada m\u00e9s el Govern Espanyol fa cas om\u00eds a la sent\u00e8ncia del Tribunal Europeu de Drets Humans d&#8217;Estrasburg contra la discriminaci\u00f3 dels pastors en el retard per a la seva inclusi\u00f3 a la seguretat social, que afecta els pastors jubilats i les v\u00eddues de pastors. L&#8217;aplicaci\u00f3 del reconeixement de la discriminaci\u00f3 en el cas de Francisco Manzanas s&#8217;hauria d&#8217;haver est\u00e8s a casos similars. El Govern Espanyol t\u00e9 l&#8217;obligaci\u00f3 d&#8217;informar al Tribunal sobre la seva actuaci\u00f3 i quines s\u00f3n les mesures adoptades per acabar amb l&#8217;esmentada discriminaci\u00f3. Fins a tres ocasions la IEE ha intervingut davant la Comissi\u00f3 d&#8217;Esgl\u00e9sia i Societat de la Confer\u00e8ncia d&#8217;Esgl\u00e9sies Europees, mitjan\u00e7ant la seva seu a Estrasburg, per dirigir-se al Consell de Ministres, responsable de l&#8217;aplicaci\u00f3 de les sent\u00e8ncies del Tribunal. En la segona ocasi\u00f3, preparada conjuntament amb la FEREDE, el Govern Espanyol va respondre que resoldria la q\u00fcesti\u00f3 entre juny i desembre 2014. Davant d&#8217;un nou incompliment vam tornar a seguir el mateix procediment davant el Consell de Ministres i la resposta del Govern Espanyol va ser que el resoldria abans de juny 2015.<\/p>\n<p>La IEE manifesta el seu total i absolut rebuig a aquestes injustificades dilacions. La nostra preocupaci\u00f3 \u00e9s que la soluci\u00f3 que es plantegi no posi fi a la discriminaci\u00f3 i continu\u00ef violant la Constituci\u00f3 Espanyola i el Conveni Europeu de Drets Humans. La Sent\u00e8ncia de Tribunal Europeu de Drets Humans del 3 d&#8217;abril de 2012 s\u2019ha de complir per a la resta de casos similars en qu\u00e8 la discriminaci\u00f3 s&#8217;hagi produ\u00eft.<\/p>\n<p>La Comissi\u00f3 Permanent, C.P. amb l&#8217;acord i la confian\u00e7a dels nostres pastors jubilats i les v\u00eddues de pastors, ha continuat amb les demandes i tenim presentades sis demandes en nom de cinc pastors i una v\u00eddua de pastor. No podem romandre impassibles davant la inoper\u00e0ncia del Govern Espanyol. Durant 2014 s&#8217;han celebrat ja les primeres vistes i conclouen totes en el primer semestre del 2015. Les reaccions de l&#8217;advocacia de l&#8217;Estat davant les demandes han consistit en rebutjar-les, mentre que els jutges ens han vingut donant suport recolzats per la Sent\u00e8ncia del Tribunal d\u2019Estrasburg. La CP ha acordat en la sessi\u00f3 311 iniciar a m\u00e9s una s\u00e8rie accions: d&#8217;una banda, enviar un carta cr\u00edtica i documentada com a protesta al Govern Espanyol; i, d&#8217;altra banda enviar comunicats informatius a totes les institucions internacionals germanes i amigues, sol\u00b7licitant a trav\u00e9s d&#8217;elles mateixes i de la seva influ\u00e8ncia en els seus governs que pressionin al Govern Espanyol perqu\u00e8 compleixi amb la Sent\u00e8ncia d&#8217;Estrasburg i acabi amb aquesta situaci\u00f3 injusta que avergonyeix a qualsevol pa\u00eds democr\u00e0tic i defensor dels drets humans.<\/p>\n<p><strong>Comissi\u00f3 Permanent de la IEE<\/strong><\/p>\n<p>(Publicat a InfoCP, n\u00famero 88)<\/p>\n","protected":false},"excerpt":{"rendered":"<p>Font: Iglesia Evang\u00e9lica Espa\u00f1ola Una vegada m\u00e9s el Govern Espanyol fa cas om\u00eds a la sent\u00e8ncia del Tribunal Europeu de Drets Humans d&#8217;Estrasburg contra la discriminaci\u00f3 dels pastors en el retard per a la seva inclusi\u00f3 a la seguretat social, que afecta els pastors jubilats i les v\u00eddues de pastors. L&#8217;aplicaci\u00f3 del reconeixement de la [&hellip;]<\/p>\n","protected":false},"author":1,"featured_media":0,"comment_status":"open","ping_status":"open","sticky":false,"template":"","format":"standard","meta":{"_jetpack_memberships_contains_paid_content":false,"footnotes":""},"categories":[6],"tags":[],"class_list":["post-1167","post","type-post","status-publish","format-standard","hentry","category-reflexions"],"jetpack_sharing_enabled":true,"jetpack_featured_media_url":"","_links":{"self":[{"href":"https:\/\/eec.cat\/blog\/wp-json\/wp\/v2\/posts\/1167","targetHints":{"allow":["GET"]}}],"collection":[{"href":"https:\/\/eec.cat\/blog\/wp-json\/wp\/v2\/posts"}],"about":[{"href":"https:\/\/eec.cat\/blog\/wp-json\/wp\/v2\/types\/post"}],"author":[{"embeddable":true,"href":"https:\/\/eec.cat\/blog\/wp-json\/wp\/v2\/users\/1"}],"replies":[{"embeddable":true,"href":"https:\/\/eec.cat\/blog\/wp-json\/wp\/v2\/comments?post=1167"}],"version-history":[{"count":0,"href":"https:\/\/eec.cat\/blog\/wp-json\/wp\/v2\/posts\/1167\/revisions"}],"wp:attachment":[{"href":"https:\/\/eec.cat\/blog\/wp-json\/wp\/v2\/media?parent=1167"}],"wp:term":[{"taxonomy":"category","embeddable":true,"href":"https:\/\/eec.cat\/blog\/wp-json\/wp\/v2\/categories?post=1167"},{"taxonomy":"post_tag","embeddable":true,"href":"https:\/\/eec.cat\/blog\/wp-json\/wp\/v2\/tags?post=1167"}],"curies":[{"name":"wp","href":"https:\/\/api.w.org\/{rel}","templated":true}]}}