{"id":1140,"date":"2015-04-13T12:47:37","date_gmt":"2015-04-13T12:47:37","guid":{"rendered":"http:\/\/eec.cat\/blog\/?p=1140"},"modified":"2015-04-13T12:47:37","modified_gmt":"2015-04-13T12:47:37","slug":"declaracion-de-condena-a-latac-terrorista-a-kenia-del-consell-mundial-desglesies","status":"publish","type":"post","link":"https:\/\/eec.cat\/blog\/declaracion-de-condena-a-latac-terrorista-a-kenia-del-consell-mundial-desglesies\/","title":{"rendered":"Declaraci\u00f3n de condena a l\u00b4atac terrorista a K\u00e8nia del Consell Mundial d\u00b4Esgl\u00e9sies"},"content":{"rendered":"<p><a href=\"http:\/\/eec.cat\/blog\/wp-content\/uploads\/2015\/04\/final.jpg\"><img loading=\"lazy\" decoding=\"async\" class=\"alignleft size-thumbnail wp-image-1141\" src=\"http:\/\/eec.cat\/blog\/wp-content\/uploads\/2015\/04\/final-150x150.jpg\" alt=\"final\" width=\"150\" height=\"150\" \/><\/a>Font_ Consell Mundial d\u2019Esgl\u00e9sies<\/p>\n<p>3 abril 2015<\/p>\n<p>He seguit horroritzat el relat dels esdeveniments ocorreguts ahir al campus de la Universitat de Garissa, al nord-est de K\u00e8nia. Cent cinquanta persones -inclosos els gu\u00e0rdies que protegien el campus- van ser assassinades, i altres 80 van resultar ferides en aquest atac d&#8217;extremistes d&#8217;al-Shabaab que, segons s&#8217;indica, expl\u00edcitament han triat a estudiants cristians com a v\u00edctimes, per ra\u00f3 de la seva religi\u00f3.<\/p>\n<p>Aquesta atrocitat va ser perpetrada a l&#8217;iniciar-se el per\u00edode m\u00e9s sagrat del calendari cristi\u00e0 occidental, si b\u00e9 desconec si la data va ser un factor determinant en els plans dels assaltants. Lamento profundament la p\u00e8rdua de tants joves, lluminosa esperan\u00e7a del futur de K\u00e8nia. Transmeto el meu condol a les fam\u00edlies dels morts, alhora que prego per la recuperaci\u00f3 dels ferits i ofereixo la meva solidaritat i acompanyament a les germanes i els germans de les nostres esgl\u00e9sies membres de K\u00e8nia.<\/p>\n<p>Faig una crida a les autoritats de K\u00e8nia i a la comunitat internacional a assegurar l&#8217;exig\u00e8ncia de responsabilitats penals als que van maquinar aquest acte inadmissible, i a tallar futurs atacs, especialment aquells que pretenen provocar enfrontaments i conflictes entre religions. El missatge pasqual \u00e9s clar: en \u00faltima inst\u00e0ncia, la mort i el mal no vencen ni venceran. Quan milions de cristians de tot el m\u00f3n avui s&#8217;uneixen per recordar el sofriment i la mort de Jesucrist a la creu, aquest any tamb\u00e9 recordem la vida brutalment apagada de tantes dones i homes joves de K\u00e8nia plens de promesa i esperan\u00e7a.<\/p>\n<p>D\u00e9u de vida, guia&#8217;ns cap a la just\u00edcia i la pau.<\/p>\n<p>Rev. Dr. Olav Fykse Tveit secretari general del Consell Mundial d&#8217;Esgl\u00e9sies<\/p>\n","protected":false},"excerpt":{"rendered":"<p>Font_ Consell Mundial d\u2019Esgl\u00e9sies 3 abril 2015 He seguit horroritzat el relat dels esdeveniments ocorreguts ahir al campus de la Universitat de Garissa, al nord-est de K\u00e8nia. Cent cinquanta persones -inclosos els gu\u00e0rdies que protegien el campus- van ser assassinades, i altres 80 van resultar ferides en aquest atac d&#8217;extremistes d&#8217;al-Shabaab que, segons s&#8217;indica, expl\u00edcitament [&hellip;]<\/p>\n","protected":false},"author":1,"featured_media":0,"comment_status":"open","ping_status":"open","sticky":false,"template":"","format":"standard","meta":{"_jetpack_memberships_contains_paid_content":false,"footnotes":""},"categories":[1],"tags":[],"class_list":["post-1140","post","type-post","status-publish","format-standard","hentry","category-general"],"jetpack_sharing_enabled":true,"jetpack_featured_media_url":"","_links":{"self":[{"href":"https:\/\/eec.cat\/blog\/wp-json\/wp\/v2\/posts\/1140","targetHints":{"allow":["GET"]}}],"collection":[{"href":"https:\/\/eec.cat\/blog\/wp-json\/wp\/v2\/posts"}],"about":[{"href":"https:\/\/eec.cat\/blog\/wp-json\/wp\/v2\/types\/post"}],"author":[{"embeddable":true,"href":"https:\/\/eec.cat\/blog\/wp-json\/wp\/v2\/users\/1"}],"replies":[{"embeddable":true,"href":"https:\/\/eec.cat\/blog\/wp-json\/wp\/v2\/comments?post=1140"}],"version-history":[{"count":0,"href":"https:\/\/eec.cat\/blog\/wp-json\/wp\/v2\/posts\/1140\/revisions"}],"wp:attachment":[{"href":"https:\/\/eec.cat\/blog\/wp-json\/wp\/v2\/media?parent=1140"}],"wp:term":[{"taxonomy":"category","embeddable":true,"href":"https:\/\/eec.cat\/blog\/wp-json\/wp\/v2\/categories?post=1140"},{"taxonomy":"post_tag","embeddable":true,"href":"https:\/\/eec.cat\/blog\/wp-json\/wp\/v2\/tags?post=1140"}],"curies":[{"name":"wp","href":"https:\/\/api.w.org\/{rel}","templated":true}]}}