{"id":1137,"date":"2015-04-13T06:13:11","date_gmt":"2015-04-13T06:13:11","guid":{"rendered":"http:\/\/eec.cat\/blog\/?p=1137"},"modified":"2015-04-13T06:13:11","modified_gmt":"2015-04-13T06:13:11","slug":"congres-esglesia-i-franquisme","status":"publish","type":"post","link":"https:\/\/eec.cat\/blog\/congres-esglesia-i-franquisme\/","title":{"rendered":"Congr\u00e8s Esgl\u00e9sia i franquisme"},"content":{"rendered":"<p>Els dies 13 i 14 d\u2019abril de 2015 tindr\u00e0 lloc a Tarragona, a la Universitat Rovira i Virgili, el Congr\u00e8s Esgl\u00e9sia i franquisme que reunir\u00e1 30 experts que analitzaran la relaci\u00f3 entre les confesions religioses i l\u2019estat franquista.<\/p>\n<p>S\u2019estudiar\u00e0 la persecuci\u00f3 religiosa durant la guerra i postguerra de les confesions religioses i posteriorment la relaci\u00f3 de l\u2019esgl\u00e9sia cat\u00f3lica al llarg dels 40 anys de la dictadura i tamb\u00e9 el paper de les esgl\u00e9sies durant la transici\u00f3.<\/p>\n<p>Josep Llu\u00eds Carod Rovira ser\u00e1 el ponent que parlar\u00e0 sobre el tema: El franquisme i la repressi\u00f3 del cristianisme protestant.<\/p>\n<p><a href=\"http:\/\/eec.cat\/blog\/wp-content\/uploads\/2015\/04\/franquista.jpg\"><img loading=\"lazy\" decoding=\"async\" class=\"aligncenter size-large wp-image-1138\" src=\"http:\/\/eec.cat\/blog\/wp-content\/uploads\/2015\/04\/franquista-1024x691.jpg\" alt=\"franquista\" width=\"1024\" height=\"691\" srcset=\"https:\/\/eec.cat\/blog\/wp-content\/uploads\/2015\/04\/franquista-1024x691.jpg 1024w, https:\/\/eec.cat\/blog\/wp-content\/uploads\/2015\/04\/franquista-300x202.jpg 300w, https:\/\/eec.cat\/blog\/wp-content\/uploads\/2015\/04\/franquista.jpg 1175w\" sizes=\"auto, (max-width: 1024px) 100vw, 1024px\" \/><\/a><\/p>\n","protected":false},"excerpt":{"rendered":"<p>Els dies 13 i 14 d\u2019abril de 2015 tindr\u00e0 lloc a Tarragona, a la Universitat Rovira i Virgili, el Congr\u00e8s Esgl\u00e9sia i franquisme que reunir\u00e1 30 experts que analitzaran la relaci\u00f3 entre les confesions religioses i l\u2019estat franquista. S\u2019estudiar\u00e0 la persecuci\u00f3 religiosa durant la guerra i postguerra de les confesions religioses i posteriorment la relaci\u00f3 [&hellip;]<\/p>\n","protected":false},"author":1,"featured_media":0,"comment_status":"open","ping_status":"open","sticky":false,"template":"","format":"standard","meta":{"_jetpack_memberships_contains_paid_content":false,"footnotes":""},"categories":[5],"tags":[],"class_list":["post-1137","post","type-post","status-publish","format-standard","hentry","category-activitats"],"jetpack_sharing_enabled":true,"jetpack_featured_media_url":"","_links":{"self":[{"href":"https:\/\/eec.cat\/blog\/wp-json\/wp\/v2\/posts\/1137","targetHints":{"allow":["GET"]}}],"collection":[{"href":"https:\/\/eec.cat\/blog\/wp-json\/wp\/v2\/posts"}],"about":[{"href":"https:\/\/eec.cat\/blog\/wp-json\/wp\/v2\/types\/post"}],"author":[{"embeddable":true,"href":"https:\/\/eec.cat\/blog\/wp-json\/wp\/v2\/users\/1"}],"replies":[{"embeddable":true,"href":"https:\/\/eec.cat\/blog\/wp-json\/wp\/v2\/comments?post=1137"}],"version-history":[{"count":0,"href":"https:\/\/eec.cat\/blog\/wp-json\/wp\/v2\/posts\/1137\/revisions"}],"wp:attachment":[{"href":"https:\/\/eec.cat\/blog\/wp-json\/wp\/v2\/media?parent=1137"}],"wp:term":[{"taxonomy":"category","embeddable":true,"href":"https:\/\/eec.cat\/blog\/wp-json\/wp\/v2\/categories?post=1137"},{"taxonomy":"post_tag","embeddable":true,"href":"https:\/\/eec.cat\/blog\/wp-json\/wp\/v2\/tags?post=1137"}],"curies":[{"name":"wp","href":"https:\/\/api.w.org\/{rel}","templated":true}]}}