{"id":1134,"date":"2015-04-13T05:42:01","date_gmt":"2015-04-13T05:42:01","guid":{"rendered":"http:\/\/eec.cat\/blog\/?p=1134"},"modified":"2015-04-13T06:14:23","modified_gmt":"2015-04-13T06:14:23","slug":"dia-a-dia-13-dabril-19-dabril-2015","status":"publish","type":"post","link":"https:\/\/eec.cat\/blog\/dia-a-dia-13-dabril-19-dabril-2015\/","title":{"rendered":"Dia a Dia. 13 d\u00b4abril &#8211; 19 d\u00b4abril 2015"},"content":{"rendered":"<p><strong><span style=\"text-decoration: underline;\"><span style=\"color: #0000ff; text-decoration: underline;\"><a href=\"http:\/\/eec.cat\/blog\/wp-content\/uploads\/2015\/04\/sem-6-oto\u00f1ada-en-Oix-6249.jpg\"><img loading=\"lazy\" decoding=\"async\" class=\"alignleft size-thumbnail wp-image-1135\" src=\"http:\/\/eec.cat\/blog\/wp-content\/uploads\/2015\/04\/sem-6-oto\u00f1ada-en-Oix-6249-150x150.jpg\" alt=\"sem 6 oto\u00f1ada  en Oix  6249\" width=\"150\" height=\"150\" \/><\/a>Dilluns, 13 d\u2019abril<\/span><\/span><\/strong><br \/>\nCoh\u00e8let 3, 16-17<\/p>\n<p>Senyor, la indignaci\u00f3 s\u2019apodera de mi cada cop que les noticies sobre la injust\u00edcia m\u2019arriben; no hi ha ning\u00fa que pugui restaurar el dret? Els pobres pateixen, homes i dones s\u00f3n oprimits per els dolents, i sembla que no res pugui canviar. Vull confiar, Senyor, en la teva just\u00edcia, en que tu posar\u00e0s ordre al m\u00f3n, per\u00f2 no vull obviar la meva responsabilitat, fes que em comprometi perqu\u00e8 la just\u00edcia sigui una realitat.<\/p>\n<p><strong><span style=\"text-decoration: underline;\"><span style=\"color: #0000ff; text-decoration: underline;\">Dimarts, 14 d\u2019abril<\/span><\/span><\/strong><br \/>\nCoh\u00e8let 3, 18-22<\/p>\n<p>He sortit de la pols i de les besties va n\u00e9ixer la meva gen\u00e8tica, comparteixo el dest\u00ed del m\u00f3n i, certament, amb la teva creaci\u00f3 visc en l\u2019esperan\u00e7a d\u2019una renovaci\u00f3. Qu\u00e8 hi ha despr\u00e9s de caminar per aquesta terra? Qu\u00e8 succeir\u00e0 quan acabi aquest cam\u00ed? Ning\u00fa del cert sap que hi ha despr\u00e9s de la mort, per\u00f2 Senyor confio en el teu amor, i per aix\u00f2 s\u00e9 que vingui el que vingui segur que tu seguir\u00e0s amb mi.<\/p>\n<p><strong><span style=\"text-decoration: underline;\"><span style=\"color: #0000ff; text-decoration: underline;\">Dimecres, 15 d\u2019abril<\/span><\/span><\/strong><br \/>\nCoh\u00e8let 4, 1-3<\/p>\n<p>Senyor i D\u00e9u meu, fes-me sensible a la tristor dels altres, masses vegades, encegada per la meva comoditat, oblido als que pateixen fam i guerres, a les que han de lluitar cada dia amb suor i ll\u00e0grimes, oblido als que no tenen cap esperan\u00e7a. Qu\u00e8 el meu cor no sigui indiferent a la opressi\u00f3, que les meves mans lluitin per la just\u00edcia, i que el dolor de tantes i tants ompli de for\u00e7a per no callar.<\/p>\n<p><strong><span style=\"text-decoration: underline;\"><span style=\"color: #0000ff; text-decoration: underline;\">Dijous, 16 d\u2019abril<\/span><\/span><\/strong><br \/>\nCoh\u00e8let 4, 4-6<\/p>\n<p>A qu\u00e8 dedico les meves forces? A vegades em pregunto Senyor per qu\u00e8 tants esfor\u00e7os per no rebre resultats, i m\u2019afanyo per aconseguir acumular n\u00fameros i respostes positives al meu treball, i en aquest tr\u00e0fec oblido de mirar-te, de sentir-te treballant i lluitant amb mi. Senyor, que no deixi mai de veure\u2019t al meu costat, que pugui trobar cada dia un estona per descansar en tu.<\/p>\n<p><strong><span style=\"text-decoration: underline;\"><span style=\"color: #0000ff; text-decoration: underline;\">Divendres, 17 d\u2019abril<\/span><\/span><\/strong><br \/>\nCoh\u00e8let 4, 7-9<\/p>\n<p>Senyor i D\u00e9u meu, et vull demanar que en cada relaci\u00f3 que construeixi tu hi siguis present; que en mig de la meva fam\u00edlia tu estiguis, amb els meus amics i coneguts, amb els companys de feina, que tots els meus lligams estiguin lligats amb tu. I tamb\u00e9 et demana que no solament amb els que estimo, sin\u00f3 amb aquells que em costa m\u00e9s, que tu tamb\u00e9 hi siguis, perqu\u00e8 totes les meves relacions puguin cr\u00e9ixer en amor, donaci\u00f3 i gratitud.<\/p>\n<p><strong><span style=\"text-decoration: underline;\"><span style=\"color: #0000ff; text-decoration: underline;\">Dissabte, 18 d\u2019abril<\/span><\/span><\/strong><br \/>\nCoh\u00e8let 4, 13-16<\/p>\n<p>Senyor, fes que no em deixi enlluernar per la saviesa i el poder dels altres, fes que consideri a totes i tots dignes de la meva companyia i el meu amor, que la vanitat de l\u2019aparen\u00e7a no marqui les meves relacions. Per\u00f2 Senyor, fes tamb\u00e9 que no caigui en la cr\u00edtica f\u00e0cil, en la queixa constant. Senyor, d\u00f3na\u2019m saviesa i seny per a considerar amb tempran\u00e7a i bondat als que m\u2019envolten.<\/p>\n<p><strong><span style=\"text-decoration: underline;\"><span style=\"color: #0000ff; text-decoration: underline;\">Diumenge, 19 d\u2019abril<\/span><\/span><\/strong><br \/>\nSalm 136<\/p>\n<p>Encara que moltes vegades em perdo en les meves cavil\u00b7lacions, encara que \u00e9s cert que hi ha coses que se m\u2019escapen, malgrat que a la fi, moltes vegades, sento que no et comprenc, el cert \u00e9s que hi ha quelcom que s\u00e9: \u00e9s el teu amor el que presideix cadascuna de les teves accions. Per aix\u00f2 et dono gr\u00e0cies i per aix\u00f2 aixeco el meu cant, perqu\u00e8 tu ets el que estimes.<\/p>\n","protected":false},"excerpt":{"rendered":"<p>Dilluns, 13 d\u2019abril Coh\u00e8let 3, 16-17 Senyor, la indignaci\u00f3 s\u2019apodera de mi cada cop que les noticies sobre la injust\u00edcia m\u2019arriben; no hi ha ning\u00fa que pugui restaurar el dret? Els pobres pateixen, homes i dones s\u00f3n oprimits per els dolents, i sembla que no res pugui canviar. Vull confiar, Senyor, en la teva just\u00edcia, [&hellip;]<\/p>\n","protected":false},"author":1,"featured_media":0,"comment_status":"open","ping_status":"open","sticky":false,"template":"","format":"standard","meta":{"_jetpack_memberships_contains_paid_content":false,"footnotes":""},"categories":[7],"tags":[],"class_list":["post-1134","post","type-post","status-publish","format-standard","hentry","category-meditacions-diaries"],"jetpack_sharing_enabled":true,"jetpack_featured_media_url":"","_links":{"self":[{"href":"https:\/\/eec.cat\/blog\/wp-json\/wp\/v2\/posts\/1134","targetHints":{"allow":["GET"]}}],"collection":[{"href":"https:\/\/eec.cat\/blog\/wp-json\/wp\/v2\/posts"}],"about":[{"href":"https:\/\/eec.cat\/blog\/wp-json\/wp\/v2\/types\/post"}],"author":[{"embeddable":true,"href":"https:\/\/eec.cat\/blog\/wp-json\/wp\/v2\/users\/1"}],"replies":[{"embeddable":true,"href":"https:\/\/eec.cat\/blog\/wp-json\/wp\/v2\/comments?post=1134"}],"version-history":[{"count":0,"href":"https:\/\/eec.cat\/blog\/wp-json\/wp\/v2\/posts\/1134\/revisions"}],"wp:attachment":[{"href":"https:\/\/eec.cat\/blog\/wp-json\/wp\/v2\/media?parent=1134"}],"wp:term":[{"taxonomy":"category","embeddable":true,"href":"https:\/\/eec.cat\/blog\/wp-json\/wp\/v2\/categories?post=1134"},{"taxonomy":"post_tag","embeddable":true,"href":"https:\/\/eec.cat\/blog\/wp-json\/wp\/v2\/tags?post=1134"}],"curies":[{"name":"wp","href":"https:\/\/api.w.org\/{rel}","templated":true}]}}