{"id":1122,"date":"2015-04-06T17:08:42","date_gmt":"2015-04-06T17:08:42","guid":{"rendered":"http:\/\/eec.cat\/blog\/?p=1122"},"modified":"2015-04-06T17:33:33","modified_gmt":"2015-04-06T17:33:33","slug":"diaadia6abril","status":"publish","type":"post","link":"https:\/\/eec.cat\/blog\/diaadia6abril\/","title":{"rendered":"Dia a Dia. 6 de abril &#8211; 12 de abril 2015"},"content":{"rendered":"<p><strong><span style=\"text-decoration: underline;\"><span style=\"color: #0000ff; text-decoration: underline;\"><a href=\"http:\/\/eec.cat\/blog\/wp-content\/uploads\/2015\/04\/sem-13-Isla-Canela-coquinero-8934.jpg\"><img loading=\"lazy\" decoding=\"async\" class=\"alignleft size-thumbnail wp-image-1123\" src=\"http:\/\/eec.cat\/blog\/wp-content\/uploads\/2015\/04\/sem-13-Isla-Canela-coquinero-8934-150x150.jpg\" alt=\"sem 13 Isla Canela  coquinero 8934\" width=\"150\" height=\"150\" \/><\/a>Dilluns, 6 d\u2019abril<\/span><\/span><\/strong><br \/>\nCoh\u00e8let 2, 12-17<\/p>\n<p>Per qu\u00e8, Senyor, he de preocupar-me, per qu\u00e8 he de mirar el m\u00f3n i veure la tristor que omple els cors dels qui m\u2019envolten. \u00c9s m\u00e9s feli\u00e7 aquell que no es preocupa, aquell al qui ning\u00fa li remou les entranyes. Si el meu dest\u00ed \u00e9s el mateix del que viu tranquil, preferiria que fugis de mi la remor de les ll\u00e0grimes. Senyor, ensenya\u2019m el sentit del plor, d\u00f3na\u2019m pau en la tristesa i satisfacci\u00f3 en l\u2019esfor\u00e7.<\/p>\n<p><strong><span style=\"text-decoration: underline;\"><span style=\"color: #0000ff; text-decoration: underline;\">Dimarts, 7 d\u2019abril<\/span><\/span><\/strong><br \/>\nCoh\u00e8let 2, 18- 23<\/p>\n<p>Senyor meu, del treball de cada dia solament en trec preocupacions, del meu esfor\u00e7 no quedar\u00e0 res en la parten\u00e7a, cada gota de la meva suor es perdr\u00e0 en l\u2019oblit. Per qu\u00e8, doncs, seguir afanyant-me, per qu\u00e8 perdre la salut sense sentit? En tu vull trobar una paraula de r\u00e8plica, no triguis a contestar; respon-me per poder descansar. Confio en tu, esperar\u00e9.<\/p>\n<p><strong><span style=\"text-decoration: underline;\"><span style=\"color: #0000ff; text-decoration: underline;\">Dimecres, 8 d\u2019abril<\/span><\/span><\/strong><br \/>\nCoh\u00e8let 2, 24-26<\/p>\n<p>Senyor, gr\u00e0cies per cada do amb el que omples la meva vida, gr\u00e0cies per el pa de cada dia, gr\u00e0cies per cada petit regal amb que em satisf\u00e0s. No deixis, Senyor, que mai oblidi que tot prov\u00e9 de tu, que cada instant que visc i cada cosa que tinc ha sigut una gr\u00e0cia teva. Fes-me agra\u00efda i generosa, i buida la meva vida de vanitat.<\/p>\n<p><strong><span style=\"text-decoration: underline;\"><span style=\"color: #0000ff; text-decoration: underline;\">Dijous, 9 d\u2019abril<\/span><\/span><\/strong><br \/>\nCoh\u00e8let 3, 1-8<\/p>\n<p>Senyor i D\u00e9u meu, fes-me acceptar amb serenitat tot all\u00f2 que he de viure, d\u00f3na\u2019m saviesa per discernir els moments, per respondre correctament a cada situaci\u00f3. Senyor, que s\u00e0piga riure en el moment de felicitat i plorar en la tristor, que s\u00e0piga quan construir i quan tirar murs. Qu\u00e8 el teu seny ompli el meu cor d\u2019empatia, per a saber viure cada temps.<\/p>\n<p><strong><span style=\"text-decoration: underline;\"><span style=\"color: #0000ff; text-decoration: underline;\">Divendres, 10 d\u2019abril<\/span><\/span><\/strong><br \/>\nCoh\u00e8let 3, 9-11<\/p>\n<p>Senyor, \u00e9s quan miro enrere que puc entendre moltes coses, \u00e9s en el recordar la meva vida que puc veure la teva m\u00e0. S\u00e9 que mai arribar\u00e9 a comprendre tot el que fas, ni podr\u00e9 saber perqu\u00e8 hi ha uns camins o uns altres, per aix\u00f2 et demana que, amb la meva ignor\u00e0ncia, vinguis amb mi, que caminis al meu costat, que la teva pres\u00e8ncia sigui la meva companyia en tot moment.<\/p>\n<p><strong><span style=\"text-decoration: underline;\"><span style=\"color: #0000ff; text-decoration: underline;\">Dissabte, 11 d\u2019abril<\/span><\/span><\/strong><br \/>\nCoh\u00e8let 3, 12-15<\/p>\n<p>L\u2019esperan\u00e7a de la teva creaci\u00f3 resideix en la fidelitat del teu amor, per aix\u00f2 mirem endavant i sabem que a la fi del cam\u00ed et trobarem a tu. Omple la meva vida de les teves miseric\u00f2rdies, fes-me fruir de la teva pau, i fes-me sempre aixecar un cant de lloan\u00e7a. Qu\u00e8 el teu Esperit em recordi cada dia que en tu est\u00e0 el sentit de la meva vida.<\/p>\n<p><strong><span style=\"text-decoration: underline;\"><span style=\"color: #0000ff; text-decoration: underline;\">Diumenge, 12 d\u2019abril<\/span><\/span><\/strong><br \/>\nSalm 150<\/p>\n<p>Acompanya\u2019ns Senyor aquest mati de diumenge, omple els nostres cors de c\u00e0ntics, que la mem\u00f2ria de tot el que has fet per nosaltres aixequi les nostres veus, i que aquestes s\u2019uneixin al gran c\u00e0non de la teva creaci\u00f3. Qu\u00e8 sigui un diumenge de festa i alegria, que la gratitud dels nostres cors ompli el silenci i que la nostra lloan\u00e7a et recordi i et veneri, avui i per sempre.<\/p>\n","protected":false},"excerpt":{"rendered":"<p>Dilluns, 6 d\u2019abril Coh\u00e8let 2, 12-17 Per qu\u00e8, Senyor, he de preocupar-me, per qu\u00e8 he de mirar el m\u00f3n i veure la tristor que omple els cors dels qui m\u2019envolten. \u00c9s m\u00e9s feli\u00e7 aquell que no es preocupa, aquell al qui ning\u00fa li remou les entranyes. Si el meu dest\u00ed \u00e9s el mateix del que [&hellip;]<\/p>\n","protected":false},"author":1,"featured_media":0,"comment_status":"open","ping_status":"open","sticky":false,"template":"","format":"standard","meta":{"_jetpack_memberships_contains_paid_content":false,"footnotes":""},"categories":[7],"tags":[],"class_list":["post-1122","post","type-post","status-publish","format-standard","hentry","category-meditacions-diaries"],"jetpack_sharing_enabled":true,"jetpack_featured_media_url":"","_links":{"self":[{"href":"https:\/\/eec.cat\/blog\/wp-json\/wp\/v2\/posts\/1122","targetHints":{"allow":["GET"]}}],"collection":[{"href":"https:\/\/eec.cat\/blog\/wp-json\/wp\/v2\/posts"}],"about":[{"href":"https:\/\/eec.cat\/blog\/wp-json\/wp\/v2\/types\/post"}],"author":[{"embeddable":true,"href":"https:\/\/eec.cat\/blog\/wp-json\/wp\/v2\/users\/1"}],"replies":[{"embeddable":true,"href":"https:\/\/eec.cat\/blog\/wp-json\/wp\/v2\/comments?post=1122"}],"version-history":[{"count":0,"href":"https:\/\/eec.cat\/blog\/wp-json\/wp\/v2\/posts\/1122\/revisions"}],"wp:attachment":[{"href":"https:\/\/eec.cat\/blog\/wp-json\/wp\/v2\/media?parent=1122"}],"wp:term":[{"taxonomy":"category","embeddable":true,"href":"https:\/\/eec.cat\/blog\/wp-json\/wp\/v2\/categories?post=1122"},{"taxonomy":"post_tag","embeddable":true,"href":"https:\/\/eec.cat\/blog\/wp-json\/wp\/v2\/tags?post=1122"}],"curies":[{"name":"wp","href":"https:\/\/api.w.org\/{rel}","templated":true}]}}