{"id":1116,"date":"2015-04-06T16:54:46","date_gmt":"2015-04-06T16:54:46","guid":{"rendered":"http:\/\/eec.cat\/blog\/?p=1116"},"modified":"2015-04-06T16:54:46","modified_gmt":"2015-04-06T16:54:46","slug":"deu-amb-accent","status":"publish","type":"post","link":"https:\/\/eec.cat\/blog\/deu-amb-accent\/","title":{"rendered":"D\u00e9u, amb accent"},"content":{"rendered":"<p style=\"text-align: center;\"><strong>Projecci\u00f3 del documental i col\u00b7loqui amb els seus protagonistes<\/strong><\/p>\n<p>Deu persones parlen de D\u00e9u. Jueus, cat\u00f2lics, musulmans, ortodoxos, protestants, suf\u00eds, testimonis de Jehov\u00e0 i budistes participen en aquest documental coral i ens expliquen la seva relaci\u00f3 amb all\u00f2 transcendent.<\/p>\n<p style=\"text-align: center;\"><a href=\"http:\/\/eec.cat\/blog\/wp-content\/uploads\/2015\/04\/documental.jpg\"><img loading=\"lazy\" decoding=\"async\" class=\"aligncenter size-full wp-image-1117\" src=\"http:\/\/eec.cat\/blog\/wp-content\/uploads\/2015\/04\/documental.jpg\" alt=\"documental\" width=\"756\" height=\"817\" srcset=\"https:\/\/eec.cat\/blog\/wp-content\/uploads\/2015\/04\/documental.jpg 756w, https:\/\/eec.cat\/blog\/wp-content\/uploads\/2015\/04\/documental-277x300.jpg 277w\" sizes=\"auto, (max-width: 756px) 100vw, 756px\" \/><\/a><\/p>\n","protected":false},"excerpt":{"rendered":"<p>Projecci\u00f3 del documental i col\u00b7loqui amb els seus protagonistes Deu persones parlen de D\u00e9u. Jueus, cat\u00f2lics, musulmans, ortodoxos, protestants, suf\u00eds, testimonis de Jehov\u00e0 i budistes participen en aquest documental coral i ens expliquen la seva relaci\u00f3 amb all\u00f2 transcendent.<\/p>\n","protected":false},"author":1,"featured_media":0,"comment_status":"open","ping_status":"open","sticky":false,"template":"","format":"standard","meta":{"_jetpack_memberships_contains_paid_content":false,"footnotes":""},"categories":[4],"tags":[],"class_list":["post-1116","post","type-post","status-publish","format-standard","hentry","category-noticies"],"jetpack_sharing_enabled":true,"jetpack_featured_media_url":"","_links":{"self":[{"href":"https:\/\/eec.cat\/blog\/wp-json\/wp\/v2\/posts\/1116","targetHints":{"allow":["GET"]}}],"collection":[{"href":"https:\/\/eec.cat\/blog\/wp-json\/wp\/v2\/posts"}],"about":[{"href":"https:\/\/eec.cat\/blog\/wp-json\/wp\/v2\/types\/post"}],"author":[{"embeddable":true,"href":"https:\/\/eec.cat\/blog\/wp-json\/wp\/v2\/users\/1"}],"replies":[{"embeddable":true,"href":"https:\/\/eec.cat\/blog\/wp-json\/wp\/v2\/comments?post=1116"}],"version-history":[{"count":0,"href":"https:\/\/eec.cat\/blog\/wp-json\/wp\/v2\/posts\/1116\/revisions"}],"wp:attachment":[{"href":"https:\/\/eec.cat\/blog\/wp-json\/wp\/v2\/media?parent=1116"}],"wp:term":[{"taxonomy":"category","embeddable":true,"href":"https:\/\/eec.cat\/blog\/wp-json\/wp\/v2\/categories?post=1116"},{"taxonomy":"post_tag","embeddable":true,"href":"https:\/\/eec.cat\/blog\/wp-json\/wp\/v2\/tags?post=1116"}],"curies":[{"name":"wp","href":"https:\/\/api.w.org\/{rel}","templated":true}]}}