{"id":1112,"date":"2015-04-06T16:40:59","date_gmt":"2015-04-06T16:40:59","guid":{"rendered":"http:\/\/eec.cat\/blog\/?p=1112"},"modified":"2015-04-06T16:42:45","modified_gmt":"2015-04-06T16:42:45","slug":"dia-a-dia-1-de-abril-5-de-abril-2015","status":"publish","type":"post","link":"https:\/\/eec.cat\/blog\/dia-a-dia-1-de-abril-5-de-abril-2015\/","title":{"rendered":"Dia a Dia. 1 de abril &#8211; 5 de abril 2015"},"content":{"rendered":"<p><strong><span style=\"text-decoration: underline;\"><span style=\"color: #0000ff; text-decoration: underline;\"><a href=\"http:\/\/eec.cat\/blog\/wp-content\/uploads\/2015\/04\/sem-14-Isla-Canela-atardecer-9691.jpg\"><img loading=\"lazy\" decoding=\"async\" class=\"alignleft size-thumbnail wp-image-1114\" src=\"http:\/\/eec.cat\/blog\/wp-content\/uploads\/2015\/04\/sem-14-Isla-Canela-atardecer-9691-150x150.jpg\" alt=\"sem 14 Isla Canela atardecer 9691\" width=\"150\" height=\"150\" \/><\/a>Dimecres, 1 d\u2019abril<\/span><\/span><\/strong><br \/>\nCoh\u00e8let 1, 1-3<\/p>\n<p>D\u00e9u meu, els dies passen amb presa, empesos per la rutina de la feina, per les tasques de sempre i les mateixes preocupacions. Per\u00f2 per m\u00e9s que corri, per m\u00e9s que m\u2019esforci, res sembla canviar. Qu\u00e8 far\u00e9 per sortir d\u2019aquest hurac\u00e0? On trobar\u00e9 resp\u00f2s? Fes-me sentir cada mati la teva companyia, fes-me gaudir cada dia dels dons amb que satisf\u00e0s la teva creaci\u00f3, fes-me veure cada nit la teva m\u00e0 en la meva vida.<\/p>\n<p><strong><span style=\"text-decoration: underline;\"><span style=\"color: #0000ff; text-decoration: underline;\">Dijous, 2 d\u2019abril<\/span><\/span><\/strong><br \/>\nCoh\u00e8let 1, 4-11<\/p>\n<p>La creaci\u00f3 sembla girar dins d\u2019una roda, una vegada i un altre, repetim els mateixos errors i ensopeguem sempre amb les mateixes pedres. D\u00e9u meu, fes-me parar, i en la quietud de la teva companyia instrueix-me i fes-me recordar all\u00f2 que has fet. Qu\u00e8 la meva mem\u00f2ria mantingui davant els meus ulls les teves obres, per transformar el temps en un do i no en una carrega.<\/p>\n<p><strong><span style=\"text-decoration: underline;\"><span style=\"color: #0000ff; text-decoration: underline;\">Divendres, 3 d\u2019abril<\/span><\/span><\/strong><br \/>\nCoh\u00e8let 1, 12-18<\/p>\n<p>Per qu\u00e8, Senyor, sembla que la felicitat s\u2019esmunyi entre els dits? Per qu\u00e8 el sol solament brilla durant un instant i despr\u00e9s la foscor tornar a envoltar-me? Ni el coneixement i la mem\u00f2ria m\u2019ha dut la pau, i per m\u00e9s que m\u2019esfor\u00e7o solament menjo plors i ll\u00e0grimes. Si us plau, Senyor, omple el meu cor del teu amor, fes-me gaudir de la teva companyia i omple de sentit els meus dies.<\/p>\n<p><strong><span style=\"text-decoration: underline;\"><span style=\"color: #0000ff; text-decoration: underline;\">Dissabte, 4 d\u2019abril<\/span><\/span><\/strong><br \/>\nCoh\u00e8let 2, 1-11<\/p>\n<p>Perdona\u2019m Senyor, he buscat d\u2019omplir la meva vida, he intentat trobar la felicitat en tot all\u00f2 que hi ha al meu abast, per\u00f2 a la fi, han sigut paraules vanes i pensaments in\u00fatils els que m\u2019han aconsellat. On resideix el sentit de la vida? Si ni tant sols riure \u00e9s a la fi la felicitat, on trobar\u00e9 quelcom que m\u2019ajudi a tirar endavant? Senyor, vessa sobre mi la teva resposta, no triguis a trobar-me.<\/p>\n<p><strong><span style=\"text-decoration: underline;\"><span style=\"color: #0000ff; text-decoration: underline;\">Diumenge, 5 d\u2019abril<\/span><\/span><\/strong><br \/>\nSalm 93<\/p>\n<p>Oh Senyor nostre, davant el soroll dels perills, en mig del bramul de les amenaces, tu ets fidels a la teva paraula; per aix\u00f2 sabem que la teva salvaci\u00f3 vindr\u00e0, ens rescatar\u00e0 la teva m\u00e0 i allunyar\u00e0s de nosaltres la foscor. Viu entre nosaltres el sobir\u00e0 de la creaci\u00f3, en ell reposa la nostra vida, en ell trobem la nostra pau.<\/p>\n","protected":false},"excerpt":{"rendered":"<p>Dimecres, 1 d\u2019abril Coh\u00e8let 1, 1-3 D\u00e9u meu, els dies passen amb presa, empesos per la rutina de la feina, per les tasques de sempre i les mateixes preocupacions. Per\u00f2 per m\u00e9s que corri, per m\u00e9s que m\u2019esforci, res sembla canviar. Qu\u00e8 far\u00e9 per sortir d\u2019aquest hurac\u00e0? On trobar\u00e9 resp\u00f2s? Fes-me sentir cada mati la [&hellip;]<\/p>\n","protected":false},"author":1,"featured_media":0,"comment_status":"open","ping_status":"open","sticky":false,"template":"","format":"standard","meta":{"_jetpack_memberships_contains_paid_content":false,"footnotes":""},"categories":[7],"tags":[],"class_list":["post-1112","post","type-post","status-publish","format-standard","hentry","category-meditacions-diaries"],"jetpack_sharing_enabled":true,"jetpack_featured_media_url":"","_links":{"self":[{"href":"https:\/\/eec.cat\/blog\/wp-json\/wp\/v2\/posts\/1112","targetHints":{"allow":["GET"]}}],"collection":[{"href":"https:\/\/eec.cat\/blog\/wp-json\/wp\/v2\/posts"}],"about":[{"href":"https:\/\/eec.cat\/blog\/wp-json\/wp\/v2\/types\/post"}],"author":[{"embeddable":true,"href":"https:\/\/eec.cat\/blog\/wp-json\/wp\/v2\/users\/1"}],"replies":[{"embeddable":true,"href":"https:\/\/eec.cat\/blog\/wp-json\/wp\/v2\/comments?post=1112"}],"version-history":[{"count":0,"href":"https:\/\/eec.cat\/blog\/wp-json\/wp\/v2\/posts\/1112\/revisions"}],"wp:attachment":[{"href":"https:\/\/eec.cat\/blog\/wp-json\/wp\/v2\/media?parent=1112"}],"wp:term":[{"taxonomy":"category","embeddable":true,"href":"https:\/\/eec.cat\/blog\/wp-json\/wp\/v2\/categories?post=1112"},{"taxonomy":"post_tag","embeddable":true,"href":"https:\/\/eec.cat\/blog\/wp-json\/wp\/v2\/tags?post=1112"}],"curies":[{"name":"wp","href":"https:\/\/api.w.org\/{rel}","templated":true}]}}