{"id":111,"date":"2013-05-14T08:59:07","date_gmt":"2013-05-14T08:59:07","guid":{"rendered":"http:\/\/eec.cat\/blog\/?p=111"},"modified":"2026-04-05T19:16:30","modified_gmt":"2026-04-05T18:16:30","slug":"la-unio-de-luterans-i-reformats-un-signe-per-a-europa","status":"publish","type":"post","link":"https:\/\/eec.cat\/blog\/la-unio-de-luterans-i-reformats-un-signe-per-a-europa\/","title":{"rendered":"La uni\u00f3 de luterans i reformats, un signe per a Europa"},"content":{"rendered":"<p><strong>Alfredo Abad<\/strong><br \/>\n<img loading=\"lazy\" decoding=\"async\" class=\"alignleft size-medium wp-image-112\" alt=\"logofranceprotestant\" src=\"http:\/\/eec.cat\/blog\/wp-content\/uploads\/2013\/07\/logofranceprotestant-300x219.jpg\" width=\"300\" height=\"219\" srcset=\"https:\/\/eec.cat\/blog\/wp-content\/uploads\/2013\/07\/logofranceprotestant-300x219.jpg 300w, https:\/\/eec.cat\/blog\/wp-content\/uploads\/2013\/07\/logofranceprotestant.jpg 475w\" sizes=\"auto, (max-width: 300px) 100vw, 300px\" \/>&#8220;Val la pena confiar en els altres, perqu\u00e8 \u00e9s a causa dels altres que som el que som. La felicitat est\u00e0 en viure la interdepend\u00e8ncia de la confian\u00e7a. Aquesta \u00e9s la resson\u00e0ncia profunda de la nostra fe.<\/p>\n<p>La\u00a0 setmana passada s&#8217;ha reunit a Li\u00f3, Fran\u00e7a, el primer S\u00ednode General de l&#8217;Esgl\u00e9sia Protestant Unida de Fran\u00e7a al qual va assistir-hi Alfredo Abad, com a representant de l\u2019Esgl\u00e9sia Evang\u00e8lica Espanyola.<\/p>\n<p>En el &#8220;Grand Temple&#8221;, al costat del Roine, luterans i reformats de Fran\u00e7a han celebrat el naixement d&#8217;aquesta esgl\u00e9sia unida que supera les difer\u00e8ncies hist\u00f2riques i teol\u00f2giques de les fam\u00edlies protestants entre aquestes dues grans confessions. Els primers passos d&#8217;aquesta uni\u00f3 a Fran\u00e7a responen a l&#8217;anomenada Conc\u00f2rdia de Leuenberg de 1973, document teol\u00f2gic que va declarar la plena comuni\u00f3 entre les dues confessions.<\/p>\n<p>El S\u00ednode es va reunir a Valpr\u00e9 a Ecully, al nord de Li\u00f3, on 220 delegats que representaven als prop de 400.000 protestants que reuneix la nova Esgl\u00e9sia, un ter\u00e7 de tot el protestantisme franc\u00e8s, van votar el naixement de l&#8217;esgl\u00e9sia unida i el nomenament d\u2019 un Consell Nacional que presideix el pastor Laurent Schlumberger.\u00a0 El soci\u00f2leg Jean-Paul Willaime ha qualificat la creaci\u00f3 de la nova esgl\u00e9sia d&#8217;un esdeveniment hist\u00f2ric, i s&#8217;alegra de la preocupaci\u00f3 per donar un testimoni cristi\u00e0 sense obsessionar-se per la identitat.<\/p>\n<p>Els actes que van tenir lloc els dies 10 i 11 de maig al Grand Temple donaven ress\u00f2 a la decisi\u00f3 sinodal de constituir-se en una nova esgl\u00e9sia. La preocupaci\u00f3 per la missi\u00f3 i el testimoni estava simbolitzada per un &#8220;Village&#8221; &#8211; poble &#8220;protestant&#8221; situat en una s\u00e8rie de carpes que s&#8217;estenien a tot el carrer davant del Grand Temple. Les diferents iniciatives solid\u00e0ries, period\u00edstiques, radiof\u00f2niques, teol\u00f2giques i les expressions art\u00edstiques, espirituals, celebracions, etc &#8230; eren presentades de forma participativa en unes 20 carpes o pagodes a les que tothom podia apropar-se al carrer seguint el lema que donava nom al poble &#8220;Escolta! D\u00e9u ens parla &#8220;.<\/p>\n<p>L&#8217;objectiu era tenir un poble d&#8217;animacions, no d&#8217;exposicions, on s&#8217;entrava en una escolta compartida de la Paraula de D\u00e9u, un poble en el qual res s&#8217;imposa, nom\u00e9s es proposa. A m\u00e9s de les animacions un seguit d&#8217;activitats musicals, de teatre, debat i confer\u00e8ncies completaven un programa molt suggerent. Les celebracions van tenir dos moments forts, en primer lloc una vetlla de preg\u00e0ria que durant la tarda i la nit del dia 10 van permetre una \u00e0mplia participaci\u00f3 d&#8217;expressions musicals, art\u00edstiques i celebracions\u00a0 per commemorar l\u2019esdeveniment. Un rep\u00e0s hist\u00f2ric de 10 figures del protestantisme lion\u00e8s permetia evocar les contribucions des de l&#8217;inici del cristianisme a la ciutat a la construcci\u00f3 del protestantisme franc\u00e8s. Durant la nit diferents expressions d&#8217;espiritualitat van oferir als participants ocasions de pregar i de reflexionar sobre la unitat i el testimoni cristians, diaconisas de Reully i Religioses de Poymerol, Uni\u00f3 de Preg\u00e0ria de Charmes, Germans de Taiz\u00e9, etc &#8230;<\/p>\n<p>Els convidats internacionals presents en els esdeveniments ven\u00edem des de Corea, Alemanya, El Salvador, It\u00e0lia, Portugal, Holanda, Canad\u00e0, Su\u00efssa, Espanya, Anglaterra, Irlanda, Esc\u00f2cia, Noruega, Rep\u00fablica Txeca etc &#8230; mostrant l\u2019ampli treball de la nova Esgl\u00e9sia Unida a les seves relacions internacionals. Representants del protestantisme evang\u00e8lic, ortod\u00f2xa i catolicisme tamb\u00e9 van participar en els actes.<\/p>\n<p>En l&#8217;acte inaugural, presidit per la pastora Anne Faisandier, de l&#8217;esgl\u00e9sia reformada i el pastor Wulf Oppermann, de l&#8217;esgl\u00e9sia luterana, va tenir lloc una s\u00e8rie d&#8217;intervencions significatives: El secretari general del Consell Mundial d&#8217;Esgl\u00e9sies, el pastor Olav Fykse Tveit; Monsenyor Emmanuel Adamakis, president de la Confer\u00e8ncia d&#8217;Esgl\u00e9sies Europees, el Cardenal Philippe Barbarin, arquebisbe de Li\u00f3 i representant de la Confer\u00e8ncia Episcopal de Fran\u00e7a; Mme Henriette Mbatchou, presidenta de la Uni\u00f3 de Dones de l&#8217;Esgl\u00e9sia Evang\u00e8lica de Camerun i l&#8217;enviament pronunciat per el religi\u00f3s de Taiz\u00e9, germ\u00e0 Alois. Totes elles van seguir a la proclamaci\u00f3 del naixement de l&#8217;Esgl\u00e9sia Protestant Unida de Fran\u00e7a pel pastor Gilles Pivot, moderador del S\u00ednode.<\/p>\n<p>A l\u2019acabament de l&#8217;acte lit\u00fargic el ministre d&#8217;Interior franc\u00e8s, Manuel Valls, que havia participat en la celebraci\u00f3, va tenir una intervenci\u00f3 valorant el gest d&#8217;unitat que era una refer\u00e8ncia important per a l&#8217;Estat laic franc\u00e8s. Va mostrar un profund coneixement del protestantisme, del significat de la ciutat de Li\u00f3 per a l&#8217;esdeveniment i de la superaci\u00f3 de les persecucions a favor d&#8217;una conviv\u00e8ncia exemplar amb la qual considerava honrat al pa\u00eds per la diversitat reconciliada que representava la unitat d&#8217;esgl\u00e9sies que s&#8217;estava celebrant.<\/p>\n<p>El pastor Laurent Schlumberger, president del Consell de la nova esgl\u00e9sia explicava al diari &#8220;R\u00e9forme&#8221; algunes de les claus de l&#8217;esdeveniment: &#8220;La uni\u00f3 no \u00e9s per refor\u00e7ar-nos, sin\u00f3 per donar un millor testimoni de l&#8217;Evangeli.&#8221; No \u00e9s enfront dels cat\u00f2lics , ni davant els evang\u00e8lics, sin\u00f3 davant d&#8217;un nou paisatge religi\u00f3s que imposa als protestants francesos una nova manera de ser esgl\u00e9sia, explicava el president. La seva preocupaci\u00f3 \u00e9s donar testimoni del que creiem i del que som, ja que el nostre m\u00f3n busca persones capaces d&#8217;explicar el que els fa viure, el que els permet mantenir-se en peu amb els seus fragilitats: &#8220;Amb l&#8217;Esgl\u00e9sia Unida volem posar en marxa una din\u00e0mica del compartir, d&#8217;exposici\u00f3 i de testimoniatge &#8220;.<\/p>\n<p>Tamb\u00e9 valorava el pastor Schlumberger que l&#8217;ecumenisme es veia refor\u00e7at, des de la pr\u00f2pia Conc\u00f2rdia de Leuenberg que va posar d&#8217;acord a desenes d&#8217;esgl\u00e9sies a Europa, reformades i luteranes -l&#8217;Esgl\u00e9sia Evang\u00e8lica Espanyola va signar tamb\u00e9 aquesta Conc\u00f2rdia l\u2019any 1973 -, sobre els sagraments, la comprensi\u00f3 de l&#8217;Evangeli i els ministeris, amb un ple reconeixement mutu i una plena comuni\u00f3 entre les esgl\u00e9sies luterana i reformada.\u00a0 Comentava tamb\u00e9 la pres\u00e8ncia del ministre d&#8217;Interior, Manuel Valls, valorant que l&#8217;esgl\u00e9sia est\u00e0 decididament a favor de l&#8217;Estat laic com a condici\u00f3 de la llibertat de consci\u00e8ncia i de la igualtat entre totes les esgl\u00e9sies. Pel president del Consell Nacional,\u00a0 la Rep\u00fablica es fragilitza quan no reconeix que la q\u00fcesti\u00f3 de la transcend\u00e8ncia no s&#8217;ha de tocar a l&#8217;espai p\u00fablic, i amena\u00e7aria a la llibertat de consci\u00e8ncia i d&#8217;expressi\u00f3.<\/p>\n<p>El ministre d&#8217;Interior va recon\u00e8ixer tamb\u00e9 en la seva intervenci\u00f3 que la Rep\u00fablica \u00e9s patrimoni de tots els seus ciutadans i el reconeixement dels drets de tots \u00e9s la seva for\u00e7a. En parlar de la pres\u00e8ncia del secretari general del Consell Mundial d&#8217;esgl\u00e9sies, Schlumberger ha explicat que el Consell Mundial rep aquesta iniciativa amb entusiasme i que el model d&#8217;unitat ha estat celebrat a Su\u00efssa, Alemanya, Corea i \u00c0frica on conviden a l&#8217;Esgl\u00e9sia Protestant Unida a compartir el seu proc\u00e9s. El seu missatge al S\u00ednode i les seves primeres paraules a la nova Esgl\u00e9sia Unida van ser: &#8220;Val la pena confiar en els altres, perqu\u00e8 \u00e9s a causa dels altres que som el que som. La felicitat est\u00e0 en viure la interdepend\u00e8ncia de la confian\u00e7a. Aquesta \u00e9s la resson\u00e0ncia profunda de la nostra fe &#8220;.<\/p>\n<p>El pastor Gilles Pivot moderador del S\u00ednode explicava que el proc\u00e9s es va iniciar l&#8217;any 2001, quan la comunitat luterana de Bourg-la-Reine, que desitjava la uni\u00f3 amb l&#8217;Esgl\u00e9sia Reformada de Fran\u00e7a va iniciar el proc\u00e9s.\u00a0 L&#8217;any 2005 una Comissi\u00f3 d&#8217;ambdues esgl\u00e9sies va comen\u00e7ar a treballar sobre aquesta possibilitat i les implicacions estructurals i de comuni\u00f3: &#8220;Va ser l&#8217;inici d&#8217;un llarg cam\u00ed espiritual&#8221;.<\/p>\n<p>El que hem viscut en aquesta uni\u00f3 d&#8217;Esgl\u00e9sies \u00e9s un cam\u00ed \u00e0mpliament testificat a Europa i al m\u00f3n ecum\u00e8nic, l&#8217;ecumenisme real de les esgl\u00e9sies unides, a Espanya,\u00a0 l\u2019Esgl\u00e9sia Evang\u00e8lica Espanyola \u00e9s una esgl\u00e9sia unida,\u00a0 per\u00f2 tamb\u00e9 a Holanda, It\u00e0lia, en les Federacions Su\u00efssa i Alemanya,\u00a0 etc &#8230; Exemple d&#8217;una diversitat reconciliada on el comprom\u00eds de compartir un caminar com\u00fa representa acceptar-se m\u00fatuament, cedir sobiranies localistes i identit\u00e0ries, i buscar en el projecte com\u00fa la realitzaci\u00f3 del projecte particular, posar en definitiva el b\u00e9 com\u00fa per sobre de nostres \u00e8xits individualistes.\u00a0 L&#8217;Europa que va constituir el Tractat de Roma buscava un prop\u00f2sit similar per fugir de la barb\u00e0rie de les guerres i construir la pau posant per damunt el motor de l&#8217;inter\u00e8s general.\u00a0 Avui Europa s&#8217;ha quedat a mig cam\u00ed, des de Maastrich i des de la falta d&#8217;haver arribat a una Constituci\u00f3 Europea que hagu\u00e9s legitimat la uni\u00f3 pol\u00edtica al costat de l&#8217;econ\u00f2mica. Moltes de les debilitats de la construcci\u00f3 europea actual s\u00f3n\u00a0 la falta de coratge per realitzar una uni\u00f3 plena en el pol\u00edtic. Les esgl\u00e9sies luterana i reformada de Fran\u00e7a ens donen un exemple de fraternitat i de testimoniatge en qu\u00e8 tots hem de cr\u00e9ixer.<\/p>\n<p>&nbsp;<\/p>\n","protected":false},"excerpt":{"rendered":"<p>Alfredo Abad &#8220;Val la pena confiar en els altres, perqu\u00e8 \u00e9s a causa dels altres que som el que som. La felicitat est\u00e0 en viure la interdepend\u00e8ncia de la confian\u00e7a. Aquesta \u00e9s la resson\u00e0ncia profunda de la nostra fe. La\u00a0 setmana passada s&#8217;ha reunit a Li\u00f3, Fran\u00e7a, el primer S\u00ednode General de l&#8217;Esgl\u00e9sia Protestant Unida [&hellip;]<\/p>\n","protected":false},"author":1,"featured_media":0,"comment_status":"closed","ping_status":"open","sticky":false,"template":"","format":"standard","meta":{"_jetpack_memberships_contains_paid_content":false,"footnotes":""},"categories":[4],"tags":[15],"class_list":["post-111","post","type-post","status-publish","format-standard","hentry","category-noticies","tag-esglesia-protestant-unida-de-franca"],"jetpack_sharing_enabled":true,"jetpack_featured_media_url":"","_links":{"self":[{"href":"https:\/\/eec.cat\/blog\/wp-json\/wp\/v2\/posts\/111","targetHints":{"allow":["GET"]}}],"collection":[{"href":"https:\/\/eec.cat\/blog\/wp-json\/wp\/v2\/posts"}],"about":[{"href":"https:\/\/eec.cat\/blog\/wp-json\/wp\/v2\/types\/post"}],"author":[{"embeddable":true,"href":"https:\/\/eec.cat\/blog\/wp-json\/wp\/v2\/users\/1"}],"replies":[{"embeddable":true,"href":"https:\/\/eec.cat\/blog\/wp-json\/wp\/v2\/comments?post=111"}],"version-history":[{"count":1,"href":"https:\/\/eec.cat\/blog\/wp-json\/wp\/v2\/posts\/111\/revisions"}],"predecessor-version":[{"id":2715,"href":"https:\/\/eec.cat\/blog\/wp-json\/wp\/v2\/posts\/111\/revisions\/2715"}],"wp:attachment":[{"href":"https:\/\/eec.cat\/blog\/wp-json\/wp\/v2\/media?parent=111"}],"wp:term":[{"taxonomy":"category","embeddable":true,"href":"https:\/\/eec.cat\/blog\/wp-json\/wp\/v2\/categories?post=111"},{"taxonomy":"post_tag","embeddable":true,"href":"https:\/\/eec.cat\/blog\/wp-json\/wp\/v2\/tags?post=111"}],"curies":[{"name":"wp","href":"https:\/\/api.w.org\/{rel}","templated":true}]}}