{"id":1107,"date":"2015-04-03T06:25:22","date_gmt":"2015-04-03T06:25:22","guid":{"rendered":"http:\/\/eec.cat\/blog\/?p=1107"},"modified":"2015-04-03T06:27:57","modified_gmt":"2015-04-03T06:27:57","slug":"el-dia-a-dia-ens-convida-a-caminar-a-traves-del-textos-de-la-saviesa-de-deu-i-de-la-pregaria","status":"publish","type":"post","link":"https:\/\/eec.cat\/blog\/el-dia-a-dia-ens-convida-a-caminar-a-traves-del-textos-de-la-saviesa-de-deu-i-de-la-pregaria\/","title":{"rendered":"El Dia a Dia ens convida a caminar a trav\u00e9s dels textos de la saviesa de D\u00e9u i de la preg\u00e0ria."},"content":{"rendered":"<p style=\"text-align: center;\"><a href=\"http:\/\/eec.cat\/blog\/wp-content\/uploads\/2015\/04\/cam\u00ed.jpg\"><img loading=\"lazy\" decoding=\"async\" class=\"aligncenter size-large wp-image-1110\" src=\"http:\/\/eec.cat\/blog\/wp-content\/uploads\/2015\/04\/cam\u00ed-1024x682.jpg\" alt=\"cam\u00ed\" width=\"1024\" height=\"682\" srcset=\"https:\/\/eec.cat\/blog\/wp-content\/uploads\/2015\/04\/cam\u00ed-1024x682.jpg 1024w, https:\/\/eec.cat\/blog\/wp-content\/uploads\/2015\/04\/cam\u00ed-300x199.jpg 300w\" sizes=\"auto, (max-width: 1024px) 100vw, 1024px\" \/><\/a><\/p>\n<p style=\"text-align: center;\"><strong>Senyor, escolta la meva preg\u00e0ria,<\/strong><br \/>\n<strong>estigues atent a la meva s\u00faplica,<\/strong><br \/>\n<strong>respon-me, tu que ets bo i fidel.<\/strong><br \/>\n<strong>Ensenya\u2019m la teva voluntat:<\/strong><br \/>\n<strong>tu ets el meu D\u00e9u.<\/strong><br \/>\n<strong>Que el teu esperit bo<\/strong><br \/>\n<strong>em condueixi per terra plana<\/strong><br \/>\n<strong>(Salm 143, 1-10).<\/strong><\/p>\n<p style=\"text-align: center;\">Generaci\u00f3 rere generaci\u00f3 l\u2019\u00e9sser hum\u00e0 ha buscat a D\u00e9u, ha buscat el sentit de tot i les respostes a les seves preguntes m\u00e9s essencials. Segle rere segle les persones han transitat per sendes diferents en un intent de trobar aquell espai de comuni\u00f3 que hem somiat que existeix, per\u00f2 que moltes vegades ens ha quedat molt lluny.<\/p>\n<p style=\"text-align: center;\">Com arribarem a D\u00e9u? On trobarem aquell espai de di\u00e0leg que ens ofereixi la seva instrucci\u00f3?<\/p>\n<p style=\"text-align: center;\">Segons el testimoni b\u00edblic, des de l\u2019inici de la creaci\u00f3, D\u00e9u ha volgut comunicar-se i parlar amb nosaltres, la seva paraula ens ha arribat, per diferents camins i en diferents formes, per a inspirar la transformaci\u00f3 les nostres vides, per canviar les nostres mentalitats i els nostres cors i, en aquest canvi, oferir-nos la possibilitat de viure la veritable humanitat.<\/p>\n<p style=\"text-align: center;\">Per\u00f2 el cert \u00e9s que, encara que D\u00e9u s\u2019ha apropat, no sempre hem sabut on trobar-nos amb ell, com si d\u2019alguna manera solament ens pogu\u00e9ssim quedar al llindar d\u2019aquell espai en el que ell habita, sense penetrar del tot, sense endinsar-nos plenament en la seva pres\u00e8ncia.<\/p>\n<p style=\"text-align: center;\">I \u00e9s que, en realitat, aquest espai \u00e9s perill\u00f3s, perqu\u00e8 en ell correm el risc de perdre el nostre propi parer, per amarar-nos de la saviesa de D\u00e9u, de la seva intel\u00b7lig\u00e8ncia, que no \u00e9s raciocini hum\u00e0, sin\u00f3 un profund pensament que mira el m\u00f3n que ens envolta amb nous ulls. Dins la tenda de la pres\u00e8ncia de D\u00e9u totes les nostres conviccions queden submergides en un misteri m\u00e9s profund i insondable que totes les aig\u00fces del mar, i \u00e9s produeix aquell terrible silenci, com quan et capbusses a una piscina, un silenci que no diu, per\u00f2 en el que tremola un soroll \u00edntim i penetrant que abasta tots els racons del nostre \u00e9sser, omplint-nos d\u2019una paraula que no \u00e9s diu, sin\u00f3 que es viu.<\/p>\n<p style=\"text-align: center;\">\u00c9s en aquest espai de la pres\u00e8ncia real de D\u00e9u on veritablement podem trobar respostes, on podem embeure una nova saviesa que ompli la nostre intel\u00b7lig\u00e8ncia d\u2019un nou seny, que escolta el plor del m\u00f3n i la bellesa de l\u2019alegria des d\u2019una nova humanitat, que viu amb plenitud el coneixement de D\u00e9u. Aquest \u00e9s el cam\u00ed de la preg\u00e0ria, una oraci\u00f3 que de vegades es fa amb paraules, i d\u2019altres amb silencis, que per uns moments parla, per\u00f2 que en altres escolta.<\/p>\n<p style=\"text-align: center;\">En aquesta senda us convido a caminar durant aquest trimestre, a trav\u00e9s del textos de la saviesa de D\u00e9u i de la preg\u00e0ria compartida, us vull invitar a entrar en la tenda de D\u00e9u, sense recan\u00e7a, sense por, per obrir un di\u00e0leg que ens transformi i ompli les nostres vides a una veritable comuni\u00f3 amb el D\u00e9u que ha sortit a buscar-nos.<\/p>\n<p style=\"text-align: center;\"><strong>Marta L\u00f3pez Ballalta<\/strong><\/p>\n","protected":false},"excerpt":{"rendered":"<p>Senyor, escolta la meva preg\u00e0ria, estigues atent a la meva s\u00faplica, respon-me, tu que ets bo i fidel. Ensenya\u2019m la teva voluntat: tu ets el meu D\u00e9u. Que el teu esperit bo em condueixi per terra plana (Salm 143, 1-10). Generaci\u00f3 rere generaci\u00f3 l\u2019\u00e9sser hum\u00e0 ha buscat a D\u00e9u, ha buscat el sentit de tot [&hellip;]<\/p>\n","protected":false},"author":1,"featured_media":0,"comment_status":"open","ping_status":"open","sticky":false,"template":"","format":"standard","meta":{"_jetpack_memberships_contains_paid_content":false,"footnotes":""},"categories":[7],"tags":[],"class_list":["post-1107","post","type-post","status-publish","format-standard","hentry","category-meditacions-diaries"],"jetpack_sharing_enabled":true,"jetpack_featured_media_url":"","_links":{"self":[{"href":"https:\/\/eec.cat\/blog\/wp-json\/wp\/v2\/posts\/1107","targetHints":{"allow":["GET"]}}],"collection":[{"href":"https:\/\/eec.cat\/blog\/wp-json\/wp\/v2\/posts"}],"about":[{"href":"https:\/\/eec.cat\/blog\/wp-json\/wp\/v2\/types\/post"}],"author":[{"embeddable":true,"href":"https:\/\/eec.cat\/blog\/wp-json\/wp\/v2\/users\/1"}],"replies":[{"embeddable":true,"href":"https:\/\/eec.cat\/blog\/wp-json\/wp\/v2\/comments?post=1107"}],"version-history":[{"count":0,"href":"https:\/\/eec.cat\/blog\/wp-json\/wp\/v2\/posts\/1107\/revisions"}],"wp:attachment":[{"href":"https:\/\/eec.cat\/blog\/wp-json\/wp\/v2\/media?parent=1107"}],"wp:term":[{"taxonomy":"category","embeddable":true,"href":"https:\/\/eec.cat\/blog\/wp-json\/wp\/v2\/categories?post=1107"},{"taxonomy":"post_tag","embeddable":true,"href":"https:\/\/eec.cat\/blog\/wp-json\/wp\/v2\/tags?post=1107"}],"curies":[{"name":"wp","href":"https:\/\/api.w.org\/{rel}","templated":true}]}}