{"id":1102,"date":"2015-03-29T21:26:37","date_gmt":"2015-03-29T21:26:37","guid":{"rendered":"http:\/\/eec.cat\/blog\/?p=1102"},"modified":"2015-03-29T21:27:10","modified_gmt":"2015-03-29T21:27:10","slug":"dia-a-dia-30-de-marc-31-de-marc-2015","status":"publish","type":"post","link":"https:\/\/eec.cat\/blog\/dia-a-dia-30-de-marc-31-de-marc-2015\/","title":{"rendered":"Dia a Dia. 30 de mar\u00e7 &#8211; 31 de mar\u00e7 2015"},"content":{"rendered":"<p><strong><span style=\"text-decoration: underline;\"><a href=\"http:\/\/eec.cat\/blog\/wp-content\/uploads\/2014\/01\/las-rocosas.jpg\"><img loading=\"lazy\" decoding=\"async\" class=\"alignleft size-thumbnail wp-image-465\" src=\"http:\/\/eec.cat\/blog\/wp-content\/uploads\/2014\/01\/las-rocosas-150x150.jpg\" alt=\"las rocosas\" width=\"150\" height=\"150\" \/><\/a><span style=\"color: #0000ff; text-decoration: underline;\">Dilluns, 30 de mar\u00e7 Fets 15,8-21<\/span><\/span><\/strong><\/p>\n<p>Aquesta \u00e9s l\u2019acta del primer concili de l\u2019Esgl\u00e9sia Cristiana. Aquest concili es va reunir a Jerusalemvers l\u2019any 51 i va tenir per objecte decidir si els pagans s\u2019havien de sotmetre a la llei de Mois\u00e8s. Es va acordar que no era necessari. Nom\u00e9s es va pregar als cristians d\u2019ascend\u00e8ncia<br \/>\npagana que s\u2019abstinguessin de carn oferta als \u00eddols, del matrimoni entre parents i de menjar<br \/>\nsang. Es tractava de coses que horroritzaven els jueus, i per aix\u00f2 se\u2019ls demana que no ho facin.<\/p>\n<p>Mai no hem d\u2019escandalitzar el germ\u00e0. Si cal, \u00e9s millor privar-se de coses l\u00edcites per amor a ells.<\/p>\n<p>&nbsp;<\/p>\n<p><span style=\"color: #0000ff;\"><strong><span style=\"text-decoration: underline;\">Dimarts, 31 de mar\u00e7 Fets 15,22-35<\/span><\/strong><\/span><\/p>\n<p>La carta que els enviats de Jerusalem porten a Antioquia \u00e9s un exemple de moderaci\u00f3.<br \/>\nT\u00e9 la forma de carta, per\u00f2 tamb\u00e9 porta l\u2019autoritat del concili. La frase \u201cl\u2019Esperit<br \/>\nSant i nosaltres\u201d pot semblar presumptuosa. Per\u00f2 es tracta de donar car\u00e0cter oficial<br \/>\na la resoluci\u00f3. Malgrat aquest concili, els juda\u00eftzants sempre han estat d\u2019alguna manera<br \/>\npresents a la hist\u00f2ria de l\u2019Esgl\u00e9sia.<\/p>\n<p>Cal que sempre ens sotmetem al criteri de la comunitat reunida en assemblea.<\/p>\n","protected":false},"excerpt":{"rendered":"<p>Dilluns, 30 de mar\u00e7 Fets 15,8-21 Aquesta \u00e9s l\u2019acta del primer concili de l\u2019Esgl\u00e9sia Cristiana. Aquest concili es va reunir a Jerusalemvers l\u2019any 51 i va tenir per objecte decidir si els pagans s\u2019havien de sotmetre a la llei de Mois\u00e8s. Es va acordar que no era necessari. Nom\u00e9s es va pregar als cristians d\u2019ascend\u00e8ncia [&hellip;]<\/p>\n","protected":false},"author":1,"featured_media":0,"comment_status":"open","ping_status":"open","sticky":false,"template":"","format":"standard","meta":{"_jetpack_memberships_contains_paid_content":false,"footnotes":""},"categories":[7],"tags":[],"class_list":["post-1102","post","type-post","status-publish","format-standard","hentry","category-meditacions-diaries"],"jetpack_sharing_enabled":true,"jetpack_featured_media_url":"","_links":{"self":[{"href":"https:\/\/eec.cat\/blog\/wp-json\/wp\/v2\/posts\/1102","targetHints":{"allow":["GET"]}}],"collection":[{"href":"https:\/\/eec.cat\/blog\/wp-json\/wp\/v2\/posts"}],"about":[{"href":"https:\/\/eec.cat\/blog\/wp-json\/wp\/v2\/types\/post"}],"author":[{"embeddable":true,"href":"https:\/\/eec.cat\/blog\/wp-json\/wp\/v2\/users\/1"}],"replies":[{"embeddable":true,"href":"https:\/\/eec.cat\/blog\/wp-json\/wp\/v2\/comments?post=1102"}],"version-history":[{"count":0,"href":"https:\/\/eec.cat\/blog\/wp-json\/wp\/v2\/posts\/1102\/revisions"}],"wp:attachment":[{"href":"https:\/\/eec.cat\/blog\/wp-json\/wp\/v2\/media?parent=1102"}],"wp:term":[{"taxonomy":"category","embeddable":true,"href":"https:\/\/eec.cat\/blog\/wp-json\/wp\/v2\/categories?post=1102"},{"taxonomy":"post_tag","embeddable":true,"href":"https:\/\/eec.cat\/blog\/wp-json\/wp\/v2\/tags?post=1102"}],"curies":[{"name":"wp","href":"https:\/\/api.w.org\/{rel}","templated":true}]}}