{"id":1099,"date":"2015-03-26T06:24:06","date_gmt":"2015-03-26T06:24:06","guid":{"rendered":"http:\/\/eec.cat\/blog\/?p=1099"},"modified":"2015-03-26T06:24:06","modified_gmt":"2015-03-26T06:24:06","slug":"nota-de-condol-de-lesglesia-evangelica-de-catalunya","status":"publish","type":"post","link":"https:\/\/eec.cat\/blog\/nota-de-condol-de-lesglesia-evangelica-de-catalunya\/","title":{"rendered":"Nota de condol de l\u00b4Esgl\u00e9sia Evang\u00e8lica de Catalunya"},"content":{"rendered":"<p><a href=\"http:\/\/eec.cat\/blog\/wp-content\/uploads\/2015\/03\/CAM00186.jpg\"><img loading=\"lazy\" decoding=\"async\" class=\"aligncenter size-medium wp-image-1100\" src=\"http:\/\/eec.cat\/blog\/wp-content\/uploads\/2015\/03\/CAM00186-300x187.jpg\" alt=\"CAM00186\" width=\"300\" height=\"187\" srcset=\"https:\/\/eec.cat\/blog\/wp-content\/uploads\/2015\/03\/CAM00186-300x187.jpg 300w, https:\/\/eec.cat\/blog\/wp-content\/uploads\/2015\/03\/CAM00186-1024x640.jpg 1024w\" sizes=\"auto, (max-width: 300px) 100vw, 300px\" \/><\/a><\/p>\n<p>L\u2019Esgl\u00e9sia Evang\u00e8lica de Catalunya vol expressar el seu dolor per el tr\u00e0gic accident aeri on van morir 150 v\u00edctimes del vol que enlla\u00e7ava les ciutats de Barcelona a D\u00fcsseldorf que es va estavellar als Alps francesos.<\/p>\n<p>Volem estar propers a tots els que han patit la p\u00e8rdua d\u2019un \u00e9sser estimat i demanem amb la nostra preg\u00e0ria que el Senyor el hi doni forces per continuar endavant.<\/p>\n<p><strong>Ni que passi per la vall tenebrosa, <\/strong><br \/>\n<strong>no tinc por de cap mal.<\/strong><br \/>\n<strong>Tu ets vora meu:<\/strong><br \/>\n<strong>La teva vara i el teu bast\u00f3<\/strong><br \/>\n<strong>Em donen confian\u00e7a (Salm 23) <\/strong><\/p>\n","protected":false},"excerpt":{"rendered":"<p>L\u2019Esgl\u00e9sia Evang\u00e8lica de Catalunya vol expressar el seu dolor per el tr\u00e0gic accident aeri on van morir 150 v\u00edctimes del vol que enlla\u00e7ava les ciutats de Barcelona a D\u00fcsseldorf que es va estavellar als Alps francesos. Volem estar propers a tots els que han patit la p\u00e8rdua d\u2019un \u00e9sser estimat i demanem amb la nostra [&hellip;]<\/p>\n","protected":false},"author":1,"featured_media":0,"comment_status":"open","ping_status":"open","sticky":false,"template":"","format":"standard","meta":{"_jetpack_memberships_contains_paid_content":false,"footnotes":""},"categories":[4],"tags":[],"class_list":["post-1099","post","type-post","status-publish","format-standard","hentry","category-noticies"],"jetpack_sharing_enabled":true,"jetpack_featured_media_url":"","_links":{"self":[{"href":"https:\/\/eec.cat\/blog\/wp-json\/wp\/v2\/posts\/1099","targetHints":{"allow":["GET"]}}],"collection":[{"href":"https:\/\/eec.cat\/blog\/wp-json\/wp\/v2\/posts"}],"about":[{"href":"https:\/\/eec.cat\/blog\/wp-json\/wp\/v2\/types\/post"}],"author":[{"embeddable":true,"href":"https:\/\/eec.cat\/blog\/wp-json\/wp\/v2\/users\/1"}],"replies":[{"embeddable":true,"href":"https:\/\/eec.cat\/blog\/wp-json\/wp\/v2\/comments?post=1099"}],"version-history":[{"count":0,"href":"https:\/\/eec.cat\/blog\/wp-json\/wp\/v2\/posts\/1099\/revisions"}],"wp:attachment":[{"href":"https:\/\/eec.cat\/blog\/wp-json\/wp\/v2\/media?parent=1099"}],"wp:term":[{"taxonomy":"category","embeddable":true,"href":"https:\/\/eec.cat\/blog\/wp-json\/wp\/v2\/categories?post=1099"},{"taxonomy":"post_tag","embeddable":true,"href":"https:\/\/eec.cat\/blog\/wp-json\/wp\/v2\/tags?post=1099"}],"curies":[{"name":"wp","href":"https:\/\/api.w.org\/{rel}","templated":true}]}}