{"id":1089,"date":"2015-03-23T08:49:43","date_gmt":"2015-03-23T08:49:43","guid":{"rendered":"http:\/\/eec.cat\/blog\/?p=1089"},"modified":"2015-03-23T08:50:22","modified_gmt":"2015-03-23T08:50:22","slug":"dia-a-dia-23-de-marc-29-de-marc-2015","status":"publish","type":"post","link":"https:\/\/eec.cat\/blog\/dia-a-dia-23-de-marc-29-de-marc-2015\/","title":{"rendered":"Dia a Dia. 23 de mar\u00e7 &#8211; 29 de mar\u00e7 2015"},"content":{"rendered":"<p><strong><span style=\"text-decoration: underline;\"><span style=\"color: #0000ff; text-decoration: underline;\"><a href=\"http:\/\/eec.cat\/blog\/wp-content\/uploads\/2014\/02\/gogh1.jpg\"><img loading=\"lazy\" decoding=\"async\" class=\"alignleft size-thumbnail wp-image-530\" src=\"http:\/\/eec.cat\/blog\/wp-content\/uploads\/2014\/02\/gogh1-150x150.jpg\" alt=\"gogh1\" width=\"150\" height=\"150\" \/><\/a>Dilluns, 23 de mar\u00e7 Fets 13,4-12<\/span><\/span><\/strong><\/p>\n<p>Els viatges dels creients s\u00f3n sempre viatges missioners. Per on passen i prediquen la<br \/>\nParaula, la gent es converteix. Troben tota mena de persones i personatges: un fals<br \/>\nprofeta, un proc\u00f2nsol interessat, un mag malvat. L\u2019opci\u00f3 del mag fa que finalment<br \/>\nPau el castigui durament amb un temps de ceguesa.<\/p>\n<p>Hem d\u2019aprendre a aprofitar les oportunitats per parlar de Jes\u00fas.<\/p>\n<p><strong><span style=\"text-decoration: underline;\"><span style=\"color: #0000ff; text-decoration: underline;\">Dimarts, 24 de mar\u00e7 Fets 13,13-41<\/span><\/span><\/strong><\/p>\n<p>Un passatge llarg que cont\u00e9 el serm\u00f3 de Pau a la sinagoga. All\u00ed el culte era molt senzill<br \/>\ni no era una cosa estranya que s\u2019invit\u00e9s a persones presents a donar un missatge.<br \/>\nPau ho aprofita per fer una interpretaci\u00f3 de la hist\u00f2ria d\u2019Israel. Des del temps de<br \/>\nl\u2019esclavatge a Egipte -els diu- D\u00e9u havia previst un salvador. Aquest Salvador \u00e9s Jes\u00fas,<br \/>\naquell que va morir i ressuscitar. Ell \u00e9s el vertader alliberador del seu poble.<\/p>\n<p>Recordar el passat, molt sovint ens fa entendre el present.<\/p>\n<p><strong><span style=\"text-decoration: underline;\"><span style=\"color: #0000ff; text-decoration: underline;\">Dimecres, 25 de mar\u00e7 Fets 13,42-52<\/span><\/span><\/strong><\/p>\n<p>La predicaci\u00f3 de l\u2019evangeli provoca confrontacions entre jueus i pagans. Els primers<br \/>\nse senten ferits en veure com els pagans accepten l\u2019evangeli. La gelosia que els omple<br \/>\nel cor els porta a parlar malament dels ap\u00f2stols, els quals els anuncien el judici<br \/>\nde D\u00e9u. Vosaltres rebutgeu la Paraula? Aleshores, la portem als pagans. \u00c9s bo de<br \/>\nnotar l\u2019actitud tan positiva dels pagans.<\/p>\n<p>Preguem per un enteniment cada dia m\u00e9s grans entre els pobles i les religions.<\/p>\n<p><strong><span style=\"text-decoration: underline;\"><span style=\"color: #0000ff; text-decoration: underline;\">Dijous, 26 de mar\u00e7 Fets 14,1-7<\/span><\/span><\/strong><\/p>\n<p>Ning\u00fa no pot aturar aquests homes de D\u00e9u. L\u2019evangeli serveix de judici entre els uns<br \/>\ni els altres. Hi ha sempre una reacci\u00f3 favorable, tant per part dels jueus com per<br \/>\npart dels pagans, per\u00f2 tamb\u00e9 es d\u00f3na cada vegada amb m\u00e9s freq\u00fc\u00e8ncia l\u2019oposici\u00f3<br \/>\ndels qui no volen creure. Si els ap\u00f2stols s\u00f3n obligats a marxar d\u2019un indret, van a altres<br \/>\npobles a donar-hi el mateix missatge. Ning\u00fa no els pot fer callar.<\/p>\n<p>Senyor, d\u00f3na&#8217;ns el poder de ser testimonis teus a tot arreu.<\/p>\n<p><strong><span style=\"text-decoration: underline;\"><span style=\"color: #0000ff; text-decoration: underline;\">Divendres, 27 de mar\u00e7 Fets 14,8-20<\/span><\/span><\/strong><\/p>\n<p>La guarici\u00f3, com en el cas de l\u2019inv\u00e0lid, venia m\u00e9s de la fe dels malalts que del poder<br \/>\napost\u00f2lic (vers.9). Per\u00f2, la gent pensa que s\u00f3n d\u00e9us i els volen adorar. I aquest \u00e9s un<br \/>\nperill real a l\u2019esgl\u00e9sia. Pau i Bernab\u00e9 ho resolen proclamant l\u2019\u00fanic D\u00e9u, el creador<br \/>\ndel cel i de la terra. Tothom s\u2019ha de convertir dels seus \u00eddols a aquest \u00fanic D\u00e9u.<\/p>\n<p>Treu de la meva vida, Senyor, els altres d\u00e9us, que res no valen.<\/p>\n<p><strong><span style=\"text-decoration: underline;\"><span style=\"color: #0000ff; text-decoration: underline;\">Dissabte, 28 de mar\u00e7 Fets 14,21-28<\/span><\/span><\/strong><\/p>\n<p>Es van establint les bases per a la consolidaci\u00f3 de l\u2019esgl\u00e9sia. Ells no poden atendre<br \/>\ntants llocs on han de predicar l\u2019evangeli. Qu\u00e8 fer? A cada esgl\u00e9sia van designant<br \/>\nresponsables que les presideixin. En el futur, el ap\u00f2stols estaran en contacte amb<br \/>\nells i els orientaran. Aquest va ser el motiu de moltes de les cartes de Pau.<\/p>\n<p>Preguem pel nostre comprom\u00eds d\u2019acceptar responsabilitats a l\u2019esgl\u00e9sia.<\/p>\n<p><strong><span style=\"text-decoration: underline;\"><span style=\"color: #0000ff; text-decoration: underline;\">Diumenge, 29 de mar\u00e7 Fets 15,1-5<\/span><\/span><\/strong><\/p>\n<p>Es presenta el primer conflicte seri\u00f3s en el si de l\u2019esgl\u00e9sia. Hi ha una part dels jueus<br \/>\nortodoxos que han acceptat l\u2019evangeli, per\u00f2 encara viuen el judaisme i pretenen<br \/>\nque tots els critians pagans es sotmetin a la Llei de Mois\u00e8s. La discussi\u00f3 \u00e9s molt<br \/>\nforta, i acorden de consultar l\u2019esgl\u00e9sia-mare i els ap\u00f2stols. Amb aquest enc\u00e0rrec,<br \/>\nPau i Bernab\u00e9 aniran a Jerusalem.<br \/>\nEls cristians no hem de carregar als altres c\u00e0rregues in\u00fatils.<\/p>\n","protected":false},"excerpt":{"rendered":"<p>Dilluns, 23 de mar\u00e7 Fets 13,4-12 Els viatges dels creients s\u00f3n sempre viatges missioners. Per on passen i prediquen la Paraula, la gent es converteix. Troben tota mena de persones i personatges: un fals profeta, un proc\u00f2nsol interessat, un mag malvat. L\u2019opci\u00f3 del mag fa que finalment Pau el castigui durament amb un temps de [&hellip;]<\/p>\n","protected":false},"author":1,"featured_media":0,"comment_status":"open","ping_status":"open","sticky":false,"template":"","format":"standard","meta":{"_jetpack_memberships_contains_paid_content":false,"footnotes":""},"categories":[7],"tags":[],"class_list":["post-1089","post","type-post","status-publish","format-standard","hentry","category-meditacions-diaries"],"jetpack_sharing_enabled":true,"jetpack_featured_media_url":"","_links":{"self":[{"href":"https:\/\/eec.cat\/blog\/wp-json\/wp\/v2\/posts\/1089","targetHints":{"allow":["GET"]}}],"collection":[{"href":"https:\/\/eec.cat\/blog\/wp-json\/wp\/v2\/posts"}],"about":[{"href":"https:\/\/eec.cat\/blog\/wp-json\/wp\/v2\/types\/post"}],"author":[{"embeddable":true,"href":"https:\/\/eec.cat\/blog\/wp-json\/wp\/v2\/users\/1"}],"replies":[{"embeddable":true,"href":"https:\/\/eec.cat\/blog\/wp-json\/wp\/v2\/comments?post=1089"}],"version-history":[{"count":0,"href":"https:\/\/eec.cat\/blog\/wp-json\/wp\/v2\/posts\/1089\/revisions"}],"wp:attachment":[{"href":"https:\/\/eec.cat\/blog\/wp-json\/wp\/v2\/media?parent=1089"}],"wp:term":[{"taxonomy":"category","embeddable":true,"href":"https:\/\/eec.cat\/blog\/wp-json\/wp\/v2\/categories?post=1089"},{"taxonomy":"post_tag","embeddable":true,"href":"https:\/\/eec.cat\/blog\/wp-json\/wp\/v2\/tags?post=1089"}],"curies":[{"name":"wp","href":"https:\/\/api.w.org\/{rel}","templated":true}]}}