{"id":1069,"date":"2015-03-15T21:08:37","date_gmt":"2015-03-15T21:08:37","guid":{"rendered":"http:\/\/eec.cat\/blog\/?p=1069"},"modified":"2015-03-15T21:09:09","modified_gmt":"2015-03-15T21:09:09","slug":"dia-a-dia-16-de-marc-22-de-marc-2015","status":"publish","type":"post","link":"https:\/\/eec.cat\/blog\/dia-a-dia-16-de-marc-22-de-marc-2015\/","title":{"rendered":"Dia a Dia. 16 de mar\u00e7 &#8211; 22 de mar\u00e7 2015"},"content":{"rendered":"<p><strong><span style=\"text-decoration: underline;\"><span style=\"color: #0000ff; text-decoration: underline;\"><a href=\"http:\/\/eec.cat\/blog\/wp-content\/uploads\/2013\/10\/nares.jpg\"><img loading=\"lazy\" decoding=\"async\" class=\"alignleft size-thumbnail wp-image-332\" src=\"http:\/\/eec.cat\/blog\/wp-content\/uploads\/2013\/10\/nares-150x150.jpg\" alt=\"nares\" width=\"150\" height=\"150\" \/><\/a>Dilluns, 16 de mar\u00e7 Fets 11,19-26<\/span><\/span><\/strong><\/p>\n<p>Lluc, l\u2019autor del llibre, torna a prendre el fil de l\u2019extensi\u00f3 de l\u2019Esgl\u00e9sia. Els perseguits van cada<br \/>\nvegada m\u00e9s lluny, i prediquen a jueus i no jueus. Antioquia \u00e9s la ciutat que m\u00e9s accepta l\u2019evangeli, i l\u2019esgl\u00e9sia mare de Jerusalem hi envia Bernab\u00e9, que queda impressionat pel progr\u00e9s<br \/>\nde l\u2019obra i, a fi de consolidar-la, va a buscar l\u2019ajuda de Pau. Una dada per a la hist\u00f2ria: va ser a<br \/>\nAntioquia on els cristians van ser anomenats cristians per primera vegada.<\/p>\n<p>Que el Senyor ens doni creixement a l\u2019obra que ha posat en les nostres mans.<\/p>\n<p><strong><span style=\"text-decoration: underline;\"><span style=\"color: #0000ff; text-decoration: underline;\">Dimarts, 17 de mar\u00e7 Fets 11,27-30<\/span> <\/span><\/strong><\/p>\n<p>\u00c9s el primer exemple que tenim de la solidaritat entre congregacions. En aquest cas, la congregaci\u00f3 m\u00e9s afectada \u00e9s la de Jerusalem. Una gran fam s\u2019est\u00e9n sobre la regi\u00f3, i l\u2019esgl\u00e9sia<br \/>\nd\u2019Antioquia acorda organitzar una col\u00b7lecta que fan arribar als que presideixen la comunitat<br \/>\nde Jerusalem. Bernab\u00e9 i Saule, que havien estat enviats per l\u2019esgl\u00e9sia mare per predicar, ara<br \/>\ntornen portant ajut material per als m\u00e9s pobres.<\/p>\n<p>Preguem pel Tercer M\u00f3n, i perqu\u00e8 les esgl\u00e9sies multipliquin l\u2019ajuda que hi envien.<\/p>\n<p><strong><span style=\"text-decoration: underline;\"><span style=\"color: #0000ff; text-decoration: underline;\">Dimecres, 18 de mar\u00e7 Fets 12,1-5<\/span><\/span><\/strong><\/p>\n<p>Un altre Herodes, nebot del que havia participat en la passi\u00f3 de Jes\u00fas, persegueix<br \/>\nels cristians. Per motius pol\u00edtics, m\u00e9s que religiosos, fa decapitar Jaume, el germ\u00e0 de<br \/>\nJoan, i en veure que aix\u00f2 li d\u00f3na cr\u00e8dit entre els jueus, vol continuar aquest cam\u00ed, i<br \/>\nfa empresonar Pere. Per\u00f2, D\u00e9u t\u00e9 altres plans per l\u2019ap\u00f2stol.<\/p>\n<p>Ens cal ser fidels en temps de calma i tamb\u00e9 enmig de la tempestat, en temps de<br \/>\nllibertat i en temps d\u2019opressi\u00f3.<\/p>\n<p><strong><span style=\"text-decoration: underline;\"><span style=\"color: #0000ff; text-decoration: underline;\">Dijous, 19 de mar\u00e7 Fets 12,6-11<\/span><\/span><\/strong><\/p>\n<p>Les cadenes i els gu\u00e0rdies s\u00f3n com no res quan el Senyor decideix d\u2019intervenir.<br \/>\nLa llum entra en la foscor de la pres\u00f3, i el missatger (\u00e0ngel) del Senyor<br \/>\nallibera Pere. Per\u00f2, ni ell mateix s\u2019ho creia. Li semblava una visi\u00f3. Finalment<br \/>\nconstata el poder de D\u00e9u, i li d\u00f3na gl\u00f2ria.<\/p>\n<p>Ensenya\u2019ns a confiar en el teu poder, Senyor.<\/p>\n<p><strong><span style=\"text-decoration: underline;\"><span style=\"color: #0000ff; text-decoration: underline;\">Divendres, 20 de mar\u00e7 Fets 12,12-19<\/span><\/span><\/strong><\/p>\n<p>Des que es va saber que Pere era a la pres\u00f3, tota la comunitat pregava intensament,<br \/>\nper\u00f2 quan Pere es presenta a la porta de la casa, en resposta a aquella preg\u00e0ria, no<br \/>\ns\u2019ho poden creure. Nom\u00e9s Rode ho fa. El que va passar a aquesta comunitat no est\u00e0<br \/>\ngaire lluny del que passa molt sovint entre nosaltres: preguem, per\u00f2 no esperem<br \/>\nvertaderament una resposta r\u00e0pida i clara a la preg\u00e0ria.<\/p>\n<p>La fe, a l\u2019hora de pregar, \u00e9s condici\u00f3 indispensable.<\/p>\n<p><strong><span style=\"text-decoration: underline;\"><span style=\"color: #0000ff; text-decoration: underline;\">Dissabte, 21 de mar\u00e7 Fets 12,20-25<\/span><\/span><\/strong><\/p>\n<p>En la mort d\u2019Herodes, l\u2019esgl\u00e9sia primitiva hi va veure el c\u00e0stig div\u00ed. No podia ser d\u2019altra<br \/>\nmanera. El rei s\u2019havia col\u00b7locat en el lloc de D\u00e9u, i la gent l\u2019escoltava com si de<br \/>\nD\u00e9u es tract\u00e9s. La mort que li va venir, rosegat pels cucs, tenia un motiu molt clar:<br \/>\nhaver usurpat l\u2019honor degut a D\u00e9u. Corria l\u2019any 44 d.C.<\/p>\n<p>Donem sempre l\u2019honor a D\u00e9u. Nom\u00e9s D\u00e9u \u00e9s D\u00e9u.<\/p>\n<p><strong><span style=\"text-decoration: underline;\"><span style=\"color: #0000ff; text-decoration: underline;\">Diumenge, 22 de mar\u00e7 Fets 13,1-3<\/span><\/span><\/strong><\/p>\n<p>A poc a poc, l\u2019esgl\u00e9sia es va organitzant. La d\u2019Antioquia, que segurament era la m\u00e9s<br \/>\nnombrosa, tenia profetes i mestres, i l\u2019Esperit va portar la comunitat a nomenar<br \/>\nhomes dedicats a l\u2019obra de missi\u00f3. Bernab\u00e9 i Saule reben la imposici\u00f3 de mans, i es<br \/>\ndedicaran plenament al servei de l\u2019evangeli. Es tracta del principi del costum d\u2019ordenar<br \/>\npastors i missioners.<\/p>\n<p>Preguem per tots aquells que es dediquen plenament a l\u2019obra de D\u00e9u.<\/p>\n","protected":false},"excerpt":{"rendered":"<p>Dilluns, 16 de mar\u00e7 Fets 11,19-26 Lluc, l\u2019autor del llibre, torna a prendre el fil de l\u2019extensi\u00f3 de l\u2019Esgl\u00e9sia. Els perseguits van cada vegada m\u00e9s lluny, i prediquen a jueus i no jueus. Antioquia \u00e9s la ciutat que m\u00e9s accepta l\u2019evangeli, i l\u2019esgl\u00e9sia mare de Jerusalem hi envia Bernab\u00e9, que queda impressionat pel progr\u00e9s de [&hellip;]<\/p>\n","protected":false},"author":1,"featured_media":0,"comment_status":"open","ping_status":"open","sticky":false,"template":"","format":"standard","meta":{"_jetpack_memberships_contains_paid_content":false,"footnotes":""},"categories":[7],"tags":[],"class_list":["post-1069","post","type-post","status-publish","format-standard","hentry","category-meditacions-diaries"],"jetpack_sharing_enabled":true,"jetpack_featured_media_url":"","_links":{"self":[{"href":"https:\/\/eec.cat\/blog\/wp-json\/wp\/v2\/posts\/1069","targetHints":{"allow":["GET"]}}],"collection":[{"href":"https:\/\/eec.cat\/blog\/wp-json\/wp\/v2\/posts"}],"about":[{"href":"https:\/\/eec.cat\/blog\/wp-json\/wp\/v2\/types\/post"}],"author":[{"embeddable":true,"href":"https:\/\/eec.cat\/blog\/wp-json\/wp\/v2\/users\/1"}],"replies":[{"embeddable":true,"href":"https:\/\/eec.cat\/blog\/wp-json\/wp\/v2\/comments?post=1069"}],"version-history":[{"count":0,"href":"https:\/\/eec.cat\/blog\/wp-json\/wp\/v2\/posts\/1069\/revisions"}],"wp:attachment":[{"href":"https:\/\/eec.cat\/blog\/wp-json\/wp\/v2\/media?parent=1069"}],"wp:term":[{"taxonomy":"category","embeddable":true,"href":"https:\/\/eec.cat\/blog\/wp-json\/wp\/v2\/categories?post=1069"},{"taxonomy":"post_tag","embeddable":true,"href":"https:\/\/eec.cat\/blog\/wp-json\/wp\/v2\/tags?post=1069"}],"curies":[{"name":"wp","href":"https:\/\/api.w.org\/{rel}","templated":true}]}}