{"id":1062,"date":"2015-03-10T13:33:25","date_gmt":"2015-03-10T13:33:25","guid":{"rendered":"http:\/\/eec.cat\/blog\/?p=1062"},"modified":"2015-03-10T13:33:25","modified_gmt":"2015-03-10T13:33:25","slug":"etica-teologica-homosexualitat","status":"publish","type":"post","link":"https:\/\/eec.cat\/blog\/etica-teologica-homosexualitat\/","title":{"rendered":"\u00c8tica teol\u00f2gica i homosexualitat"},"content":{"rendered":"<p><a href=\"http:\/\/eec.cat\/blog\/wp-content\/uploads\/2015\/03\/IMG-20150301-WA0000.jpg\"><img loading=\"lazy\" decoding=\"async\" class=\"aligncenter size-full wp-image-1063\" src=\"http:\/\/eec.cat\/blog\/wp-content\/uploads\/2015\/03\/IMG-20150301-WA0000.jpg\" alt=\"IMG-20150301-WA0000\" width=\"561\" height=\"561\" srcset=\"https:\/\/eec.cat\/blog\/wp-content\/uploads\/2015\/03\/IMG-20150301-WA0000.jpg 561w, https:\/\/eec.cat\/blog\/wp-content\/uploads\/2015\/03\/IMG-20150301-WA0000-150x150.jpg 150w, https:\/\/eec.cat\/blog\/wp-content\/uploads\/2015\/03\/IMG-20150301-WA0000-300x300.jpg 300w\" sizes=\"auto, (max-width: 561px) 100vw, 561px\" \/><\/a><\/p>\n<p>El passat dissabte 28 de febrer v\u00e0rem tenir el gust de sentir una conferencia del professor Juan S\u00e1nchez en el marc del desenvolupament d\u2019un taller breu del Taller Teol\u00f2gic. Amb el t\u00edtol \u201c\u00c9tica teol\u00f3gica y homosexualidad\u201d, el professor abordava un tema controvertit a molts ambients protestants de Catalunya i de l\u2019estat espanyol.<\/p>\n<p>Juan S\u00e1nchez \u00e9s professor del Seminari Evang\u00e8lica Unificat de Teologia (SEUT), on imparteix assignatures de Teologia i \u00c8tica. A m\u00e9s, tamb\u00e9 \u00e9s membre d\u2019una comunitat de la \u201cIglesia Evang\u00e9lica Espa\u00f1ola\u201d (IEE) a Madrid.<\/p>\n<p>El professor S\u00e1nchez ens va fer una primera observaci\u00f3. At\u00e8s que la B\u00edblia no \u00e9s un llibre d\u2019\u00e8tica, sin\u00f3 de viv\u00e8ncies d\u2019un poble que es relaciona amb D\u00e9u, no trobarem resposta a q\u00fcestions com ara l\u2019homosexualitat. A la B\u00edblia trobem el clar manament \u201cNo matar\u00e0s\u201d, per\u00f2 Israel no va dubtar en aniquilar l\u2019altre si aquest posava en perill el propi poble o el sistema patriarcal en qu\u00e8 es basava. Nom\u00e9s a trav\u00e9s de la teologia i de la seva \u00e8tica ens podem apropar a aquesta realitat tan actual, ajudant-nos de les altres ci\u00e8ncies humanes, com ara l\u2019antropologia, la biologia o la medicina. Tot i que ell mateix va defensar el seu raonament, en cap cas va imposar la seva perspectiva a la trentena de germans i germanes en la fe que l\u2019escolt\u00e0vem. \u00c9s m\u00e9s, durant el torn de debat que es va obrir al final del taller es va fer evident la necessitat de m\u00e9s di\u00e0leg. Apropar-nos a l\u2019altre com ho faria Jes\u00fas<\/p>\n<p>En definitiva, la capacitat de s\u00edntesi i la seva exposici\u00f3 din\u00e0mica van permetre a molts obrir un nou horitz\u00f3 a l\u2019hora de tractar el tema de l\u2019homosexualitat.<\/p>\n<p><strong>Isaac Garc\u00eda-Oses<\/strong><\/p>\n","protected":false},"excerpt":{"rendered":"<p>El passat dissabte 28 de febrer v\u00e0rem tenir el gust de sentir una conferencia del professor Juan S\u00e1nchez en el marc del desenvolupament d\u2019un taller breu del Taller Teol\u00f2gic. Amb el t\u00edtol \u201c\u00c9tica teol\u00f3gica y homosexualidad\u201d, el professor abordava un tema controvertit a molts ambients protestants de Catalunya i de l\u2019estat espanyol. Juan S\u00e1nchez \u00e9s [&hellip;]<\/p>\n","protected":false},"author":1,"featured_media":0,"comment_status":"open","ping_status":"open","sticky":false,"template":"","format":"standard","meta":{"_jetpack_memberships_contains_paid_content":false,"footnotes":""},"categories":[6],"tags":[],"class_list":["post-1062","post","type-post","status-publish","format-standard","hentry","category-reflexions"],"jetpack_sharing_enabled":true,"jetpack_featured_media_url":"","_links":{"self":[{"href":"https:\/\/eec.cat\/blog\/wp-json\/wp\/v2\/posts\/1062","targetHints":{"allow":["GET"]}}],"collection":[{"href":"https:\/\/eec.cat\/blog\/wp-json\/wp\/v2\/posts"}],"about":[{"href":"https:\/\/eec.cat\/blog\/wp-json\/wp\/v2\/types\/post"}],"author":[{"embeddable":true,"href":"https:\/\/eec.cat\/blog\/wp-json\/wp\/v2\/users\/1"}],"replies":[{"embeddable":true,"href":"https:\/\/eec.cat\/blog\/wp-json\/wp\/v2\/comments?post=1062"}],"version-history":[{"count":0,"href":"https:\/\/eec.cat\/blog\/wp-json\/wp\/v2\/posts\/1062\/revisions"}],"wp:attachment":[{"href":"https:\/\/eec.cat\/blog\/wp-json\/wp\/v2\/media?parent=1062"}],"wp:term":[{"taxonomy":"category","embeddable":true,"href":"https:\/\/eec.cat\/blog\/wp-json\/wp\/v2\/categories?post=1062"},{"taxonomy":"post_tag","embeddable":true,"href":"https:\/\/eec.cat\/blog\/wp-json\/wp\/v2\/tags?post=1062"}],"curies":[{"name":"wp","href":"https:\/\/api.w.org\/{rel}","templated":true}]}}