{"id":1058,"date":"2015-03-09T07:29:30","date_gmt":"2015-03-09T07:29:30","guid":{"rendered":"http:\/\/eec.cat\/blog\/?p=1058"},"modified":"2015-03-09T07:30:45","modified_gmt":"2015-03-09T07:30:45","slug":"dia-dia-9-de-marc-15-de-marc-2015","status":"publish","type":"post","link":"https:\/\/eec.cat\/blog\/dia-dia-9-de-marc-15-de-marc-2015\/","title":{"rendered":"Dia a Dia. 9 de mar\u00e7 &#8211; 15 de mar\u00e7 2015"},"content":{"rendered":"<p><span style=\"color: #0000ff;\"><strong><span style=\"text-decoration: underline;\"><a href=\"http:\/\/eec.cat\/blog\/wp-content\/uploads\/2013\/11\/arcoiris.jpg\"><img loading=\"lazy\" decoding=\"async\" class=\"alignleft size-thumbnail wp-image-379\" src=\"http:\/\/eec.cat\/blog\/wp-content\/uploads\/2013\/11\/arcoiris-150x150.jpg\" alt=\"arcoiris\" width=\"150\" height=\"150\" \/><\/a>Dilluns, 9 de mar\u00e7 Fets 9,36-43<\/span><\/strong><\/span><\/p>\n<p>Pau \u00e9s oficialment acceptat. El seu viatge a Jerusalem serveix per ser presentat als<br \/>\nap\u00f2stols, i perqu\u00e8 arribi a ser un d\u2019ells. Qui el presenta \u00e9s Bernab\u00e9, el qual explica<br \/>\ncom s\u2019ha produ\u00eft tot, per\u00f2 el major testimoni \u00e9s el de l\u2019Esperit que li permet predicar<br \/>\namb valentia el missatge. L\u2019esgl\u00e9sia es consolida i creix.<\/p>\n<p>Hem de saber acceptar els altres, malgrat que siguin diferents.<\/p>\n<p><span style=\"color: #0000ff;\"><strong><span style=\"text-decoration: underline;\">Dimarts, 10 de mar\u00e7 Fets 10,1-8<\/span><\/strong><\/span><\/p>\n<p>La hist\u00f2ria de l\u2019esgl\u00e9sia es va movent vers el que ser\u00e0 el seu gran camp de missi\u00f3 i<br \/>\nde creixement: els pa\u00efsos pagans. Cal preparar els jueus i els qui no ho s\u00f3n, per al<br \/>\ngran esdeveniment. Dos homes, un per cada grup, seran els escollits per D\u00e9u per fer<br \/>\nel gran viatge vers tot el m\u00f3n. Corneli, un home pag\u00e0, per\u00f2 piad\u00f3s, que creia en<br \/>\nl\u2019\u00fanic D\u00e9u. I Pere, un jueu pels quatre costats, per\u00f2 a qui D\u00e9u obre els ulls.<\/p>\n<p>Tothom \u00e9s objecte de l\u2019amor de D\u00e9u. No hi ha favorits.<\/p>\n<p><strong><span style=\"text-decoration: underline;\"><span style=\"color: #0000ff; text-decoration: underline;\">Dimecres, 11 de mar\u00e7 Fets 10,9-16<\/span><\/span><\/strong><\/p>\n<p>Encara avui els jueus practicants fan distincions entre els aliments, \u00e9s a dir, entre el que poden<br \/>\ni el que no poden menjar. Es tracta de l\u2019antiga llei que trobem a l\u2019Antic Testament. Mai<br \/>\nno han ent\u00e8s el missatge de Jes\u00fas que \u201cno \u00e9s el que entra a l\u2019home que el contamina, sin\u00f3 el<br \/>\nque surt del seu cor\u201d. Pere tampoc no ho havia ent\u00e8s. Ha de ser la visi\u00f3 que el faci reflexionar.<br \/>\nAquesta reflexi\u00f3 li servir\u00e0 per la seva trobada amb Corneli.<\/p>\n<p>Treu, Senyor, de la meva vida tota superstici\u00f3!<\/p>\n<p><strong><span style=\"text-decoration: underline;\"><span style=\"color: #0000ff; text-decoration: underline;\">Dijous, 12 de mar\u00e7 Fets 10,17-33<\/span><\/span><\/strong><\/p>\n<p>El transcendental esdeveniment de l\u2019entrada dels pagans en el m\u00f3n de la fe cristiana es prepara minuciosament. Corneli i els seus acompanyants van a trobar Pere. La doctrina de la<br \/>\nimpuresa dels pagans hi \u00e9s present, i Pere la menciona, per\u00f2 tamb\u00e9 la lli\u00e7\u00f3 que ha rebut:<br \/>\n\u201cD\u00e9u m\u2019ha fet comprendre que no he de tenir cap persona per impura\u201d. El m\u00f3n pag\u00e0 s\u2019asseu<br \/>\ndavant de Pere (v.33&gt;) i diu: \u201csom aqu\u00ed davant D\u00e9u, per escoltar tot all\u00f2 que el Senyor t\u2019ha<br \/>\nmanat de dir-nos\u201d.<br \/>\nTotes les persones humanes, homes i dones, s\u00f3n germanes per estimar i servir.<\/p>\n<p><strong><span style=\"text-decoration: underline;\"><span style=\"color: #0000ff; text-decoration: underline;\">Divendres, 13 de mar\u00e7 Fets 10,34-43<\/span><\/span><\/strong><\/p>\n<p>La veritat ha arribat al cor de Pere: \u201cD\u00e9u no fa distinci\u00f3 de persones\u201d. El que cal \u00e9s<br \/>\ntenir fe, i actuar correctament. El missatge que fins ara havia estat reservat als jueus<br \/>\nara \u00e9s comunicat als pagans. Pere, aquell a qui Jes\u00fas va donar les claus del regne de<br \/>\nD\u00e9u, obre una porta a l\u2019esperan\u00e7a per a tothom. Per aquesta porta hi hem entrat<br \/>\nnosaltres.<\/p>\n<p>Ensenya\u2019m a obrir les portes del Regne als altres.<\/p>\n<p><strong><span style=\"text-decoration: underline;\"><span style=\"color: #0000ff; text-decoration: underline;\">Dissabte, 14 de mar\u00e7 Fets 10,44-48<\/span><\/span><\/strong><\/p>\n<p>A la predicaci\u00f3 de la Paraula segueix el do de l\u2019Esperit. Els signes que s\u2019havien donat<br \/>\nen el dia de la Pentecosta es repeteixen. Lleng\u00fces per proclamar la gl\u00f2ria de D\u00e9u.<br \/>\nUna lloan\u00e7a sense paraules intel\u00b7ligibles. I per qu\u00e8 no? Tots ells reben el signe que<br \/>\nsegella la promesa de D\u00e9u: el baptisme. Ning\u00fa no els en podia privar. Si D\u00e9u els accepta,<br \/>\nels homes tamb\u00e9 els han d\u2019acceptar.<\/p>\n<p>Som batejats, i el fet d\u2019haver rebut el signe ens ha d\u2019enfortir en la fe.<\/p>\n<p><strong><span style=\"text-decoration: underline;\"><span style=\"color: #0000ff; text-decoration: underline;\">Diumenge, 15 de mar\u00e7 Fets 11,1-18<\/span><\/span><\/strong><\/p>\n<p>Es produeix la primera tensi\u00f3 en el si de l\u2019esgl\u00e9sia naixent. Tota novetat crea problemes, i<br \/>\nl\u2019acceptaci\u00f3 dels pagans a la comuni\u00f3 de l\u2019Esperit n\u2019era un dels m\u00e9s grans. Pere sap que introduir coses noves no ha de ser idea d\u2019un de sol. Qui ha de dir si est\u00e0 ben fet o no, \u00e9s la comunitat.<br \/>\nEn aquest cas, la de Jerusalem. El passatge cont\u00e9 l\u2019explicaci\u00f3 que Pere els va donar.<\/p>\n<p>La comunitat dels germans, l\u2019esgl\u00e9sia, \u00e9s la que t\u00e9 autoritat per decidir. Els altres ho hem<br \/>\nd\u2019acceptar.<\/p>\n","protected":false},"excerpt":{"rendered":"<p>Dilluns, 9 de mar\u00e7 Fets 9,36-43 Pau \u00e9s oficialment acceptat. El seu viatge a Jerusalem serveix per ser presentat als ap\u00f2stols, i perqu\u00e8 arribi a ser un d\u2019ells. Qui el presenta \u00e9s Bernab\u00e9, el qual explica com s\u2019ha produ\u00eft tot, per\u00f2 el major testimoni \u00e9s el de l\u2019Esperit que li permet predicar amb valentia el [&hellip;]<\/p>\n","protected":false},"author":1,"featured_media":0,"comment_status":"open","ping_status":"open","sticky":false,"template":"","format":"standard","meta":{"_jetpack_memberships_contains_paid_content":false,"footnotes":""},"categories":[7],"tags":[],"class_list":["post-1058","post","type-post","status-publish","format-standard","hentry","category-meditacions-diaries"],"jetpack_sharing_enabled":true,"jetpack_featured_media_url":"","_links":{"self":[{"href":"https:\/\/eec.cat\/blog\/wp-json\/wp\/v2\/posts\/1058","targetHints":{"allow":["GET"]}}],"collection":[{"href":"https:\/\/eec.cat\/blog\/wp-json\/wp\/v2\/posts"}],"about":[{"href":"https:\/\/eec.cat\/blog\/wp-json\/wp\/v2\/types\/post"}],"author":[{"embeddable":true,"href":"https:\/\/eec.cat\/blog\/wp-json\/wp\/v2\/users\/1"}],"replies":[{"embeddable":true,"href":"https:\/\/eec.cat\/blog\/wp-json\/wp\/v2\/comments?post=1058"}],"version-history":[{"count":0,"href":"https:\/\/eec.cat\/blog\/wp-json\/wp\/v2\/posts\/1058\/revisions"}],"wp:attachment":[{"href":"https:\/\/eec.cat\/blog\/wp-json\/wp\/v2\/media?parent=1058"}],"wp:term":[{"taxonomy":"category","embeddable":true,"href":"https:\/\/eec.cat\/blog\/wp-json\/wp\/v2\/categories?post=1058"},{"taxonomy":"post_tag","embeddable":true,"href":"https:\/\/eec.cat\/blog\/wp-json\/wp\/v2\/tags?post=1058"}],"curies":[{"name":"wp","href":"https:\/\/api.w.org\/{rel}","templated":true}]}}