{"id":1045,"date":"2015-03-02T07:43:08","date_gmt":"2015-03-02T07:43:08","guid":{"rendered":"http:\/\/eec.cat\/blog\/?p=1045"},"modified":"2015-03-02T07:43:39","modified_gmt":"2015-03-02T07:43:39","slug":"dia-dia-2-de-marc-8-de-marc-2015","status":"publish","type":"post","link":"https:\/\/eec.cat\/blog\/dia-dia-2-de-marc-8-de-marc-2015\/","title":{"rendered":"Dia a Dia. 2 de mar\u00e7 &#8211; 8 de mar\u00e7 2015"},"content":{"rendered":"<p><strong><span style=\"text-decoration: underline;\"><span style=\"color: #0000ff; text-decoration: underline;\"><a href=\"http:\/\/eec.cat\/blog\/wp-content\/uploads\/2014\/02\/camino.jpg\"><img loading=\"lazy\" decoding=\"async\" class=\"alignleft size-thumbnail wp-image-507\" src=\"http:\/\/eec.cat\/blog\/wp-content\/uploads\/2014\/02\/camino-150x150.jpg\" alt=\"camino\" width=\"150\" height=\"150\" \/><\/a>Dilluns, 2 de mar\u00e7 Fets 8,9-25<\/span><\/span><\/strong><\/p>\n<p>Primer intent de suborn i d\u2019obtenir poders de l\u2019Esperit per mitj\u00e0 de diners. Aix\u00f2 es va prodigar<br \/>\nfor\u00e7a en \u00e8poques fosques de l\u2019esgl\u00e9sia i va encunyar una paraula: \u201csimonia\u201d. Convertir la<br \/>\nfe en un negoci, d\u2019alguna manera, ha estat sempre una gran temptaci\u00f3. Ja sigui tractar de<br \/>\nsubornar D\u00e9u (Si tu em dones el que et demano, jo et donar\u00e9\u2026), convertir la salvaci\u00f3 en una<br \/>\nq\u00fcesti\u00f3 de guanys o tractar de comprar b\u00e9ns espirituals.<\/p>\n<p>Esperit de D\u00e9u, alena sobre nosaltres i d\u00f3na\u2019ns la teva for\u00e7a!<\/p>\n<p><strong><span style=\"text-decoration: underline;\"><span style=\"color: #0000ff; text-decoration: underline;\">Dimarts, 3 de mar\u00e7 Fets 8, 26-40<\/span><\/span><\/strong><\/p>\n<p>Felip est\u00e0 atent a l\u2019Esperit a fi d\u2019entendre on havia d\u2019anar, a qui havia de comunicar<br \/>\nl\u2019evangeli i com ho havia de fer. Qui finalment rep el seu missatge \u00e9s un eunuc etiop, tresorer de la reina d\u2019Eti\u00f2pia. Aquest home vol saber m\u00e9s del D\u00e9u d\u2019Israel, i Felip<br \/>\nvol comunicar el missatge. La trobada acaba en conversi\u00f3 i baptisme.<\/p>\n<p>Que el Senyor ens capaciti per saber aprofitar les circumst\u00e0ncies per donar testimoni<br \/>\nde la fe.<\/p>\n<p><strong><span style=\"text-decoration: underline;\"><span style=\"color: #0000ff; text-decoration: underline;\">Dimecres, 4 de mar\u00e7 Fets 9,1-9<\/span><\/span><\/strong><\/p>\n<p>L\u2019hora m\u00e9s important de la vida de Pau. \u00c9s l\u2019hora decisiva. L\u2019home que perseguia els<br \/>\ncristians es troba amb Jes\u00fas. No era la primera vegada. Ens ho diu en el seu testimoni<br \/>\ndavant d\u2019Agripa (26,14): \u201c\u00c9s in\u00fatil que tiris guitzes contra l\u2019agull\u00f3\u201d. Sentir Crist i<br \/>\nno fer-li cas fins la gran culminaci\u00f3. \u00c9s Pau que es rendeix a la for\u00e7a de l\u2019Esperit.<br \/>\n\u201cQu\u00e8 haig de fer, Senyor?\u201d<\/p>\n<p>Mai no ens hem de resistir a la for\u00e7a de l\u2019Esperit.<\/p>\n<p><strong><span style=\"text-decoration: underline;\"><span style=\"color: #0000ff; text-decoration: underline;\">Dijous, 5 de mar\u00e7 Fets 9,10-19<\/span><\/span><\/strong><\/p>\n<p>Tamb\u00e9 \u00e9s aquest un moment important en la vida de Pau. Ananies representa la<br \/>\ntradici\u00f3 jueva que ha acceptat a Jes\u00fas com a Senyor i Salvador. Ara interv\u00e9, en la<br \/>\nvida de Pau, per donar una benedicci\u00f3 i una missio: els pagans entren a formar part<br \/>\ndel poble de D\u00e9u. Pau \u00e9s l\u2019ap\u00f2stol que D\u00e9u ha escollit i ho ser\u00e0 en el sofriment, per\u00f2<br \/>\nple de l\u2019Esperit.<\/p>\n<p>No vull admetre que hi hagi portes tancades a l\u2019evangeli. D\u00e9u les pot obrir totes.<\/p>\n<p><strong><span style=\"text-decoration: underline;\"><span style=\"color: #0000ff; text-decoration: underline;\">Divendres, 6 de mar\u00e7 Fets 9,19-25<\/span><\/span><\/strong><\/p>\n<p>El miracle s\u2019ha produ\u00eft. L\u2019home que sembrava el terror entre els cristians ara \u00e9s un<br \/>\nd\u2019ells i el m\u00e9s treballador i el que amb m\u00e9s for\u00e7a predica que Jes\u00fas \u00e9s el Fill de D\u00e9u.<br \/>\nQui s\u2019ho hagu\u00e9s pogut pensar? Potser ning\u00fa. Per\u00f2 D\u00e9u t\u00e9 els seus camins, i \u00e9s en Ell<br \/>\nque confiem. Sentiments contradictoris. Els jueus el volen matar; els deixebles el<br \/>\nvolen salvar i ho fan baixant-lo muralla avall.<\/p>\n<p>Cap cor no \u00e9s massa dur per a la for\u00e7a transformadora de l\u2019evangeli.<\/p>\n<p><strong><span style=\"text-decoration: underline;\"><span style=\"color: #0000ff; text-decoration: underline;\">Dissabte, 7 de mar\u00e7 Fets 9,26-31<\/span><\/span><\/strong><\/p>\n<p>El fet devia haver quedat molt gravat a la ment de la gent. No es tracta solament d\u2019una dona<br \/>\nque \u00e9s al\u00e7ada del llit de la mort. Lluc fa menci\u00f3 del lloc on va succeir -Jafa- de com es deia la<br \/>\ndona en arameu -Tabita- , de quina era la traducci\u00f3 grega -Dorques- i del seu significat -gasela<br \/>\n&#8211; Tamb\u00e9 fa esment del seu car\u00e0cter: es donava als altres. Dorques ha quedat a la hist\u00f2ria com<br \/>\nun exemple de dona dedicada a les bones obres.<\/p>\n<p>Fer de la nostra vida un motiu de lloan\u00e7a al Senyor.<\/p>\n<p><strong><span style=\"text-decoration: underline;\"><span style=\"color: #0000ff; text-decoration: underline;\">Diumenge, 8 de mar\u00e7 Fets 9,32-34<\/span><\/span><\/strong><\/p>\n<p>Un fet a\u00efllat. Un paral\u00edtic, com aquells a qui ajudava Jes\u00fas, \u00e9s guarit. No tots ho eren,<br \/>\nper\u00f2 el poder de la convicci\u00f3 que els donava l\u2019Esperit feia que molts malalts arribessin<br \/>\npels ap\u00f2stols a la guarici\u00f3. No es d\u00f3na aix\u00f2, avui? Creiem fermament que s\u00ed, encara<br \/>\nque de diferent manera, ja que, de no ser aix\u00ed \u00bfper qu\u00e8 pregar pels malalts?<\/p>\n<p>Preguem pels malalts, un a un, pel seu nom. L&#8217;oraci\u00f3 \u00e9s poderosa per ajudar els que<br \/>\npassen per situacions dif\u00edcils.<\/p>\n","protected":false},"excerpt":{"rendered":"<p>Dilluns, 2 de mar\u00e7 Fets 8,9-25 Primer intent de suborn i d\u2019obtenir poders de l\u2019Esperit per mitj\u00e0 de diners. Aix\u00f2 es va prodigar for\u00e7a en \u00e8poques fosques de l\u2019esgl\u00e9sia i va encunyar una paraula: \u201csimonia\u201d. Convertir la fe en un negoci, d\u2019alguna manera, ha estat sempre una gran temptaci\u00f3. Ja sigui tractar de subornar D\u00e9u [&hellip;]<\/p>\n","protected":false},"author":1,"featured_media":0,"comment_status":"open","ping_status":"open","sticky":false,"template":"","format":"standard","meta":{"_jetpack_memberships_contains_paid_content":false,"footnotes":""},"categories":[7],"tags":[],"class_list":["post-1045","post","type-post","status-publish","format-standard","hentry","category-meditacions-diaries"],"jetpack_sharing_enabled":true,"jetpack_featured_media_url":"","_links":{"self":[{"href":"https:\/\/eec.cat\/blog\/wp-json\/wp\/v2\/posts\/1045","targetHints":{"allow":["GET"]}}],"collection":[{"href":"https:\/\/eec.cat\/blog\/wp-json\/wp\/v2\/posts"}],"about":[{"href":"https:\/\/eec.cat\/blog\/wp-json\/wp\/v2\/types\/post"}],"author":[{"embeddable":true,"href":"https:\/\/eec.cat\/blog\/wp-json\/wp\/v2\/users\/1"}],"replies":[{"embeddable":true,"href":"https:\/\/eec.cat\/blog\/wp-json\/wp\/v2\/comments?post=1045"}],"version-history":[{"count":0,"href":"https:\/\/eec.cat\/blog\/wp-json\/wp\/v2\/posts\/1045\/revisions"}],"wp:attachment":[{"href":"https:\/\/eec.cat\/blog\/wp-json\/wp\/v2\/media?parent=1045"}],"wp:term":[{"taxonomy":"category","embeddable":true,"href":"https:\/\/eec.cat\/blog\/wp-json\/wp\/v2\/categories?post=1045"},{"taxonomy":"post_tag","embeddable":true,"href":"https:\/\/eec.cat\/blog\/wp-json\/wp\/v2\/tags?post=1045"}],"curies":[{"name":"wp","href":"https:\/\/api.w.org\/{rel}","templated":true}]}}