{"id":1039,"date":"2015-02-23T10:41:21","date_gmt":"2015-02-23T10:41:21","guid":{"rendered":"http:\/\/eec.cat\/blog\/?p=1039"},"modified":"2015-02-23T10:42:24","modified_gmt":"2015-02-23T10:42:24","slug":"dia-dia-23-de-febrer-1-de-marc-2015","status":"publish","type":"post","link":"https:\/\/eec.cat\/blog\/dia-dia-23-de-febrer-1-de-marc-2015\/","title":{"rendered":"Dia a Dia. 23 de febrer &#8211; 1 de mar\u00e7 2015"},"content":{"rendered":"<p><strong><span style=\"text-decoration: underline;\"><span style=\"color: #0000ff; text-decoration: underline;\"><a href=\"http:\/\/eec.cat\/blog\/wp-content\/uploads\/2013\/07\/portbou.jpg\"><img loading=\"lazy\" decoding=\"async\" class=\"alignleft size-thumbnail wp-image-210\" src=\"http:\/\/eec.cat\/blog\/wp-content\/uploads\/2013\/07\/portbou-150x150.jpg\" alt=\"portbou\" width=\"150\" height=\"150\" \/><\/a>Dilluns, 23 de febrero Fets 6,8-15<\/span><\/span><\/strong><\/p>\n<p>\u201cCom la cara d\u2019un \u00e0ngel\u201d. Aix\u00ed \u00e9s com veien en el Sanedr\u00ed a Esteve, per\u00f2 aix\u00f2 no el va lliurar<br \/>\nde la condemnaci\u00f3. Ens recorda les paraules de l\u2019evangeli de Joan: \u201cla llum va venir al m\u00f3n,<br \/>\nper\u00f2 els homes es van estimar m\u00e9s les tenebres que la llum, perqu\u00e8 les seves obres eren<br \/>\ndolentes\u201d. El mateix passa amb els grans d\u2019entre els jueus. No poden tolerar la cara d\u2019un \u00e0ngel.<\/p>\n<p>Que el Senyor ens doni forces per mantenir-nos ferms en els moments dif\u00edcils de la vida.<\/p>\n<p>&nbsp;<\/p>\n<p><strong><span style=\"text-decoration: underline;\"><span style=\"color: #0000ff; text-decoration: underline;\">Dimarts, 24 de febrero Fets 7,1-16<\/span><\/span><\/strong><\/p>\n<p>En aquest passatge comen\u00e7a el gran discurs de testimoni i de comiat d\u2019Esteve. Davant<br \/>\ndel Sanedr\u00ed fa un rep\u00e0s de la hist\u00f2ria del seu poble per arribar a jutjar i condemnar<br \/>\naquells que el jutgen, i tenen poder de destruir-lo. En aquesta primera part,<br \/>\nes refereix als patriarques i la seva hist\u00f2ria portada per D\u00e9u mateix.<\/p>\n<p>Preguem perqu\u00e8 D\u00e9u condueixi la nostra hist\u00f2ria.<\/p>\n<p><strong><span style=\"text-decoration: underline;\"><span style=\"color: #0000ff; text-decoration: underline;\">Dimecres, 25 de febrero Fets 7, 17-29<\/span><\/span><\/strong><\/p>\n<p>Comen\u00e7a a parlar de Mois\u00e8s, l\u2019altre gran capdavanter de la hist\u00f2ria d\u2019Israel.<br \/>\nEn aquest passatge Esteve recorda el temps que Mois\u00e8s va passar a la cort<br \/>\nde Fara\u00f3 on es va preparar per ser un gran dirigent pol\u00ed-c i militar. Destaca<br \/>\nla seva lleialtat al poble en matar un egipci. El prop\u00f2sit de D\u00e9u era salvar el<br \/>\npoble, malgrat que els hebreus aleshores no ho van entendre.<\/p>\n<p><strong><span style=\"text-decoration: underline;\"><span style=\"color: #0000ff; text-decoration: underline;\">Dijous, 26 de febrero Fets 7,30-43<\/span><\/span><\/strong><\/p>\n<p>Esteve es refereix als segons quaranta anys de la vida de Mois\u00e8s. Van ser els anys<br \/>\ndel desert, on va veure l\u2019esbarzer que es cremava i no es consumia. La seva intenci\u00f3<br \/>\n\u00e9s mostrar l\u2019obra pacient de D\u00e9u en un poble poc disposat a deixar-se portar per Ell.<br \/>\n\u00c9s el poble que es va rebel\u00b7lar contra Mois\u00e8s i es va fer el vedell d\u2019or per adorar-lo.<\/p>\n<p>Deixa\u2019t sempre portar per D\u00e9u. Sense presses.<\/p>\n<p><strong><span style=\"text-decoration: underline;\"><span style=\"color: #0000ff; text-decoration: underline;\">Divendres, 27 de febrero Fets 7,44-52<\/span><\/span><\/strong><\/p>\n<p>La persecuci\u00f3 no sempre \u00e9s dolenta a la vida de l\u2019esgl\u00e9sia. Evidentment que fa mal. Per\u00f2 a<br \/>\nvegades tamb\u00e9 serveix per despertar una esgl\u00e9sia adormida, i recordar-li la seva missi\u00f3. Aix\u00f2<br \/>\nva passar a Jerusalem on la persecuci\u00f3 va dispersar els creients i els va portar a predicar l\u2019evangeli a d\u2019altres indrets. Qui ho fa, i molt b\u00e9, \u00e9s Felip, que no era un ap\u00f2stol, sin\u00f3 un diaca.<br \/>\nPerqu\u00e8 la tasca d\u2019evangelitzar \u00e9s per a tothom.<\/p>\n<p>Tots plegats hem de recobrar la nostra tasca d\u2019evangelitzar. Demanem-ho al Senyor.<\/p>\n<p><strong><span style=\"text-decoration: underline;\"><span style=\"color: #0000ff; text-decoration: underline;\">Dissabte, 28 de febrero Fets 7,54-60<\/span><\/span><\/strong><\/p>\n<p>A Esteve sempre li correspondr\u00e0 l\u2019honor d\u2019haver estat el primer m\u00e0tir de<br \/>\nl\u2019esgl\u00e9sia cristiana. La paraula \u201cm\u00e0rtir\u201d vol dir nom\u00e9s testimoni, per\u00f2 en la<br \/>\npr\u00e0ctica es va anar emprant per distingir aquells que havien donat tes-moniatge<br \/>\nfins a la mort, per Crist.<\/p>\n<p>Fes-me, Senyor, testimoni teu fins a la fi de la meva vida.<\/p>\n<p><strong><span style=\"text-decoration: underline;\"><span style=\"color: #0000ff; text-decoration: underline;\">Diumenge, 1 de mar\u00e7 Fets 8,1-8<\/span><\/span><\/strong><\/p>\n<p>Esteve arriba a la conclusi\u00f3 del seu discurs. Recorda el tabernacle del desert i el temple de<br \/>\nJerusalem, per\u00f2 recorda que \u201cl\u2019Alt\u00edssim no habita en cap edifici fet per mans d\u2019home\u201d. La ira<br \/>\ndels membres del Sanedr\u00ed s\u2019enc\u00e9n quan Esteve aplica la hist\u00f2ria, i recorda com el poble d\u2019Israel<br \/>\nva perseguir sempre els profetes, el mateix que ells fan. Teniu la llei, per\u00f2 no l\u2019heu guardada.<br \/>\nTot estava a punt per a la trag\u00e8dia final: la mort d\u2019Esteve.<\/p>\n<p>Que el Senyor ens doni la for\u00e7a de dir sempre la veritat, sense embuts.<\/p>\n","protected":false},"excerpt":{"rendered":"<p>Dilluns, 23 de febrero Fets 6,8-15 \u201cCom la cara d\u2019un \u00e0ngel\u201d. Aix\u00ed \u00e9s com veien en el Sanedr\u00ed a Esteve, per\u00f2 aix\u00f2 no el va lliurar de la condemnaci\u00f3. Ens recorda les paraules de l\u2019evangeli de Joan: \u201cla llum va venir al m\u00f3n, per\u00f2 els homes es van estimar m\u00e9s les tenebres que la llum, [&hellip;]<\/p>\n","protected":false},"author":1,"featured_media":0,"comment_status":"open","ping_status":"open","sticky":false,"template":"","format":"standard","meta":{"_jetpack_memberships_contains_paid_content":false,"footnotes":""},"categories":[1,7],"tags":[],"class_list":["post-1039","post","type-post","status-publish","format-standard","hentry","category-general","category-meditacions-diaries"],"jetpack_sharing_enabled":true,"jetpack_featured_media_url":"","_links":{"self":[{"href":"https:\/\/eec.cat\/blog\/wp-json\/wp\/v2\/posts\/1039","targetHints":{"allow":["GET"]}}],"collection":[{"href":"https:\/\/eec.cat\/blog\/wp-json\/wp\/v2\/posts"}],"about":[{"href":"https:\/\/eec.cat\/blog\/wp-json\/wp\/v2\/types\/post"}],"author":[{"embeddable":true,"href":"https:\/\/eec.cat\/blog\/wp-json\/wp\/v2\/users\/1"}],"replies":[{"embeddable":true,"href":"https:\/\/eec.cat\/blog\/wp-json\/wp\/v2\/comments?post=1039"}],"version-history":[{"count":0,"href":"https:\/\/eec.cat\/blog\/wp-json\/wp\/v2\/posts\/1039\/revisions"}],"wp:attachment":[{"href":"https:\/\/eec.cat\/blog\/wp-json\/wp\/v2\/media?parent=1039"}],"wp:term":[{"taxonomy":"category","embeddable":true,"href":"https:\/\/eec.cat\/blog\/wp-json\/wp\/v2\/categories?post=1039"},{"taxonomy":"post_tag","embeddable":true,"href":"https:\/\/eec.cat\/blog\/wp-json\/wp\/v2\/tags?post=1039"}],"curies":[{"name":"wp","href":"https:\/\/api.w.org\/{rel}","templated":true}]}}