{"id":1033,"date":"2015-02-16T07:45:56","date_gmt":"2015-02-16T07:45:56","guid":{"rendered":"http:\/\/eec.cat\/blog\/?p=1033"},"modified":"2015-02-16T07:46:24","modified_gmt":"2015-02-16T07:46:24","slug":"dia-dia-16-de-febrer-22-de-febrer-2015","status":"publish","type":"post","link":"https:\/\/eec.cat\/blog\/dia-dia-16-de-febrer-22-de-febrer-2015\/","title":{"rendered":"Dia a Dia. 16 de febrer &#8211; 22 de febrer 2015"},"content":{"rendered":"<p><strong><span style=\"text-decoration: underline;\"><span style=\"color: #0000ff; text-decoration: underline;\"><a href=\"http:\/\/eec.cat\/blog\/wp-content\/uploads\/2014\/01\/hojas.jpg\"><img loading=\"lazy\" decoding=\"async\" class=\"alignleft size-thumbnail wp-image-437\" src=\"http:\/\/eec.cat\/blog\/wp-content\/uploads\/2014\/01\/hojas-150x150.jpg\" alt=\"hojas\" width=\"150\" height=\"150\" \/><\/a>Dilluns, 16 de febrero Fets 4,32-35<\/span><\/span><\/strong><\/p>\n<p>Quan mirem el m\u00f3n ideal i busquem una f\u00f3rmula per fer-lo realitat, de seguida pensem<br \/>\nen aquest temps de l\u2019esgl\u00e9sia de Jerusalem. L\u2019amor els havia unit en un sol cor i<br \/>\nuna sola \u00e0nima i s\u2019es-maven fins al punt de posar-ho tot al servei de tots. Van aconseguir<br \/>\nque entre ells no hi hagu\u00e9s pobres. Tots aportaven el que podien per afavorir<br \/>\nels altres.<\/p>\n<p>Fes-nos, Senyor, generosos els uns amb els altres.<\/p>\n<p><strong><span style=\"text-decoration: underline;\"><span style=\"color: #0000ff; text-decoration: underline;\">Dimarts, 17 de febrero Fets 4,36 &#8211; 5,11<\/span><\/span><\/strong><\/p>\n<p>La primera mentida contra l\u2019Esperit Sant de la que se\u2019ns d\u00f3na not\u00edcia. Lluc ho vol remarcar:<br \/>\nno \u00e9s mentir als homes, tractar d\u2019enganyar-nos els uns als altres, cosa que fem tots, malgrat<br \/>\nsaber que no \u00e9s adm\u00e8s per D\u00e9u. Aqu\u00ed es tracta d\u2019enganyar D\u00e9u. Els homes ens podem mentir<br \/>\nels uns als altres, i mai no saber-ho. Per\u00f2, qui vol enganyar D\u00e9u no sap el que es fa. L\u2019introdueix en el seu m\u00f3n en lloc de deixar-se introduir en el de D\u00e9u. En la mort d\u2019aquest matrimoni, els creients van veure la ira de D\u00e9u.<\/p>\n<p>Que el nostre s\u00ed sigui sempre s\u00ed i el nostre no, no.<\/p>\n<p><strong><span style=\"text-decoration: underline;\"><span style=\"color: #0000ff; text-decoration: underline;\">Dimecres, 18 de febrero Fets 5,12-16<\/span><\/span><\/strong><\/p>\n<p>El passatge ens parla del primer lloc p\u00fablic de reuni\u00f3 dels cristians: el p\u00f2rtic de Salom\u00f3.<br \/>\nAquest p\u00f2rtic era la columnata que hi havia a la part oriental de l\u2019atri dels gentils, a l&#8217;esplanada del temple. La gent se n\u2019apartava. Parlaven b\u00e9 dels cristians, per\u00f2 no s\u2019hi ajuntaven. El que els movia de veritat i els portava a acostar-se als ap\u00f2stols era el poder que aquests tenien de fer miracles.<\/p>\n<p>Que el nostre lloc de reuni\u00f3 sigui tamb\u00e9 porta del cel.<\/p>\n<p><strong><span style=\"text-decoration: underline;\"><span style=\"color: #0000ff; text-decoration: underline;\">Dijous, 19 de febrero Fets 5,17-26<\/span><\/span><\/strong><\/p>\n<p>Entre les veus de por, de gelosia i de venjan\u00e7a dels membres del Sanedr\u00ed, una veu<br \/>\nsensata: la de Gamaliel. No era un home desconegut, tot al contrari. Era un dels<br \/>\nmestres de la llei m\u00e9s importants que pertanyia al grup dels fariseus i representava<br \/>\nel corrent teol\u00f2gic liberal. Va ser mestre de Pau (22,3). \u201cSi \u00e9s cosa d\u2019homes es destruir\u00e0<br \/>\ntot sol; per\u00f2, si \u00e9s de D\u00e9u, no aconseguireu destruir-los\u201d.<\/p>\n<p>No vulguem fer la guerra pel nostre compte, sin\u00f3 l\u2019obra de D\u00e9u.<\/p>\n<p><strong><span style=\"text-decoration: underline;\"><span style=\"color: #0000ff; text-decoration: underline;\">Divendres, 20 de febrero Fets 5,27-33<\/span><\/span><\/strong><\/p>\n<p>El testimoni dels ap\u00f2stols es fa cada vegada m\u00e9s clar i valent. Crist \u00e9s per a ells cada<br \/>\nvegada m\u00e9s real, i el seu poder els enforteix per afrontar tot el que vingui. La dreta<br \/>\nde D\u00e9u \u00e9s amb ells. No solament s\u00f3n testimonis de Crist, sin\u00f3 que hi afegeixen el de<br \/>\nl\u2019Esperit Sant, cada vegada m\u00e9s evident a la seva vida. Mai no podem acceptar un no dels homes, si D\u00e9u ha dit s\u00ed.<\/p>\n<p>Que el Senyor ens ajudi a fer-ho aix\u00ed.<\/p>\n<p><strong><span style=\"text-decoration: underline;\"><span style=\"color: #0000ff; text-decoration: underline;\">Dissabte, 21 de febrero Fets 5,34-42<\/span><\/span><\/strong><\/p>\n<p>L\u2019esgl\u00e9sia primitiva, i fins el segle IV, va patir persecucions. A l\u2019empresonament de Pere i Joan,<br \/>\nara s\u2019hi afegeix el de tots els ap\u00f2stols. Ens diu el text que eren moguts per la gelosia; per\u00f2,<br \/>\nen aquesta ocasi\u00f3 ho tenien malament. El Senyor allibera els ap\u00f2stols, i els perseguidors no<br \/>\narriben a saber ben b\u00e9 com. El fet \u00e9s que continuaven predicant. La lli\u00e7\u00f3 que han rebut no els<br \/>\ncanvia: envien un altre cop gent al temple per empresonar-los.<br \/>\nEncara hi ha gent a la pres\u00f3 per causa de Crist.<\/p>\n<p>Preguem per ells.<\/p>\n<p><strong><span style=\"text-decoration: underline;\"><span style=\"color: #0000ff; text-decoration: underline;\">Diumenge, 22 de febrero Fets 6,1-7<\/span><\/span><\/strong><\/p>\n<p>Es tracta del nomenament dels primers diaques. A poc a poc aniran sorgint a l\u2019esgl\u00e9sia<br \/>\nels diferents ministeris per al servei de la comunitat. El primer que havia sorgit<br \/>\nera el de la predicaci\u00f3 de l\u2019evangeli. Ara, la necessitat de la gent i la necessitat de<br \/>\nrepartir el menjar fa que la comunitat elegeixi set diaques. Esteve ser\u00e0 el de m\u00e9s<br \/>\nanomenada entre ells.<\/p>\n<p>Preguem pels diaques de la nostra esgl\u00e9sia. Proveu de recordar-los pel nom<\/p>\n","protected":false},"excerpt":{"rendered":"<p>Dilluns, 16 de febrero Fets 4,32-35 Quan mirem el m\u00f3n ideal i busquem una f\u00f3rmula per fer-lo realitat, de seguida pensem en aquest temps de l\u2019esgl\u00e9sia de Jerusalem. L\u2019amor els havia unit en un sol cor i una sola \u00e0nima i s\u2019es-maven fins al punt de posar-ho tot al servei de tots. Van aconseguir que [&hellip;]<\/p>\n","protected":false},"author":1,"featured_media":0,"comment_status":"open","ping_status":"open","sticky":false,"template":"","format":"standard","meta":{"_jetpack_memberships_contains_paid_content":false,"footnotes":""},"categories":[7],"tags":[],"class_list":["post-1033","post","type-post","status-publish","format-standard","hentry","category-meditacions-diaries"],"jetpack_sharing_enabled":true,"jetpack_featured_media_url":"","_links":{"self":[{"href":"https:\/\/eec.cat\/blog\/wp-json\/wp\/v2\/posts\/1033","targetHints":{"allow":["GET"]}}],"collection":[{"href":"https:\/\/eec.cat\/blog\/wp-json\/wp\/v2\/posts"}],"about":[{"href":"https:\/\/eec.cat\/blog\/wp-json\/wp\/v2\/types\/post"}],"author":[{"embeddable":true,"href":"https:\/\/eec.cat\/blog\/wp-json\/wp\/v2\/users\/1"}],"replies":[{"embeddable":true,"href":"https:\/\/eec.cat\/blog\/wp-json\/wp\/v2\/comments?post=1033"}],"version-history":[{"count":0,"href":"https:\/\/eec.cat\/blog\/wp-json\/wp\/v2\/posts\/1033\/revisions"}],"wp:attachment":[{"href":"https:\/\/eec.cat\/blog\/wp-json\/wp\/v2\/media?parent=1033"}],"wp:term":[{"taxonomy":"category","embeddable":true,"href":"https:\/\/eec.cat\/blog\/wp-json\/wp\/v2\/categories?post=1033"},{"taxonomy":"post_tag","embeddable":true,"href":"https:\/\/eec.cat\/blog\/wp-json\/wp\/v2\/tags?post=1033"}],"curies":[{"name":"wp","href":"https:\/\/api.w.org\/{rel}","templated":true}]}}