{"id":1025,"date":"2015-02-08T22:10:01","date_gmt":"2015-02-08T22:10:01","guid":{"rendered":"http:\/\/eec.cat\/blog\/?p=1025"},"modified":"2015-02-08T22:13:21","modified_gmt":"2015-02-08T22:13:21","slug":"dia-dia-9-de-febrer-15-de-febrer-2015","status":"publish","type":"post","link":"https:\/\/eec.cat\/blog\/dia-dia-9-de-febrer-15-de-febrer-2015\/","title":{"rendered":"Dia a Dia. 9 de febrer -15 de febrer 2015"},"content":{"rendered":"<p><strong><span style=\"text-decoration: underline;\"><span style=\"color: #0000ff; text-decoration: underline;\"><a href=\"http:\/\/eec.cat\/blog\/wp-content\/uploads\/2015\/02\/sem-4-Gorg-de-la-Bauma-Capdevanol-7231.jpg\"><img loading=\"lazy\" decoding=\"async\" class=\"alignleft size-thumbnail wp-image-1026\" src=\"http:\/\/eec.cat\/blog\/wp-content\/uploads\/2015\/02\/sem-4-Gorg-de-la-Bauma-Capdevanol-7231-150x150.jpg\" alt=\"sem 4 Gorg de la Bauma Capdevanol 7231\" width=\"150\" height=\"150\" \/><\/a>Dilluns, 9 de febrero Fets 3,1-10<\/span> <\/span><\/strong><\/p>\n<p>Nosaltres, els catalans, diem molt sovint all\u00f2 de \u201csalut i pessetes\u201d que d\u00f3na fe dels<br \/>\nnostre materialisme. Pere i Joan no en tenen, de diners. Ni or, ni plata. Per\u00f2 tenen<br \/>\nuna cosa millor: el missatge salvador de Jes\u00fas de Natzaret. La salut corporal \u00e9s important,<br \/>\nper\u00f2 tamb\u00e9 ho \u00e9s, i molt, la seva guarici\u00f3 espiritual. Tot acaba, en el passatge,<br \/>\nen lloan\u00e7a a D\u00e9u.<\/p>\n<p>Tamb\u00e9 els malalts necessiten de la nostra atenci\u00f3 i de la nostra preg\u00e0ria.<\/p>\n<p><strong><span style=\"text-decoration: underline;\"><span style=\"color: #0000ff; text-decoration: underline;\">Dimarts, 10 de febrero Fets 3,11-16<\/span> <\/span><\/strong><\/p>\n<p>Segon missatge de Pere. Ja no es tracta de la primera experi\u00e8ncia de l\u2019Esperit. Ara \u00e9s<br \/>\nel cas del poder salvador de D\u00e9u, en Crist. La guarici\u00f3 de l\u2019inv\u00e0lid ha estat nom\u00e9s un<br \/>\nsigne d\u2019aquest poder manifestat en Crist. El testimoni apost\u00f2lic emfatitza sempre la<br \/>\nresurrecci\u00f3 de Crist. Tot tipus de miracle que ells puguin fer \u00e9s \u201cgr\u00e0cies a la fe en el<br \/>\nseu nom\u201d.<\/p>\n<p>Senyor, augmenta\u2019ns la fe!<\/p>\n<p><strong><span style=\"text-decoration: underline;\"><span style=\"color: #0000ff; text-decoration: underline;\">Dimecres, 11 de febrero Fets 3,17-26<\/span><\/span><\/strong><\/p>\n<p>Tercer missatge de Pere, aquesta vegada davant les autoritats. Interrogat pels notables,<br \/>\ndirigents i mestres de la llei, no es defensa, ni dissimula el que predica. Ple de<br \/>\nl\u2019Esperit Sant ho fa encara m\u00e9s fort, amb m\u00e9s \u00e8mfasi. Crist no \u00e9s nom\u00e9s aquell que<br \/>\nha ven\u00e7ut la mort, sin\u00f3 l\u2019\u00fanic sota el sol que pot donar als homes salvaci\u00f3.<\/p>\n<p>Que el Senyor ens ajudi a dir el nostre missatge sense embuts.<\/p>\n<p><strong><span style=\"text-decoration: underline;\"><span style=\"color: #0000ff; text-decoration: underline;\">Dijous, 12 de febrero Fets 4,1-5<\/span><\/span><\/strong><\/p>\n<p>Arriba la persecuci\u00f3. La religi\u00f3 establerta no pot tolerar Jes\u00fas. El seu poder i la seva intel\u00b7lig\u00e8ncia perillen. Cal fer un escarment. Pere i Joan s\u00f3n posats a la pres\u00f3. \u00c9s el principi d\u2019una llargu\u00edssima llista de creients omplint les presons jueves, les de l\u2019imperi i les de tot el m\u00f3n.<br \/>\nPer\u00f2 l\u2019evangeli continua obrint-se cam\u00ed i conquerint noves persones. Si al principi se\u2019n reunien<br \/>\ncent vint, i a la Pentecosta ja se\u2019n van afegir tres mil, ara ja en s\u00f3n cinc mil. Per qu\u00e8 no progressa l\u2019evangeli avui entre nosaltres? En tenim alguna culpa?<\/p>\n<p>Voldr\u00edem, Senyor, veure noves conversions a l\u2019evangeli.<\/p>\n<p><strong><span style=\"text-decoration: underline;\"><span style=\"color: #0000ff; text-decoration: underline;\">Divendres, 13 de febrero Fets 4,4-12<\/span><\/span><\/strong><\/p>\n<p>Pere es dirigeix als seus, els jueus. D\u2019entre tots els homes i dones d\u2019aquest m\u00f3n, ells<br \/>\nhan vingut el privilegi de ser els primers en rebre el missatge. Tota la seva hist\u00f2ria,<br \/>\npatriarques i profetes, est\u00e0 plena de l\u2019anunci de la \u201crestauraci\u00f3 universal\u201d. Ha arribat<br \/>\nel \u201ctemps de la consolaci\u00f3\u201d. \u00c9s, per tant, l\u2019hora del penediment i la conversi\u00f3<br \/>\nper tal d\u2019esborrar un passat i escriure un futur nou.<\/p>\n<p>Una vegada ens vam convertir, per\u00f2 ho hem de tornar a fer dia rere dia.<\/p>\n<p><strong><span style=\"text-decoration: underline;\"><span style=\"color: #0000ff; text-decoration: underline;\">Dissabte, 14 de febrero Fets 4,13-21<\/span><\/span><\/strong><\/p>\n<p>En aquest passatge apareix el problema de les relacions dels cristians amb les autoritats.<br \/>\nQuan la voluntat de D\u00e9u est\u00e0 en joc, en qualsevol sen-t, i les autoritats s\u2019hi<br \/>\noposen, no hi ha dubte: primer s\u2019ha d\u2019obeir D\u00e9u que els homes. I aix\u00f2, no solament<br \/>\nen el cas de persecuci\u00f3 per causa de la fe, sin\u00f3 en tots aquells casos de viol\u00e8ncia i<br \/>\ninjust\u00edcia que van en contra de la llei de D\u00e9u.<\/p>\n<p>Mostra\u2019ns clarament, Senyor, la teva voluntat per tal d\u2019obeir-la.<\/p>\n<p><strong><span style=\"text-decoration: underline;\"><span style=\"color: #0000ff; text-decoration: underline;\">Diumenge, 15 de febrero Fets 4,23-31<\/span><\/span><\/strong><\/p>\n<p>El recurs cristi\u00e0 de la preg\u00e0ria \u00e9s de la m\u00e0xima import\u00e0ncia en els temps de persecuci\u00f3. Ha<br \/>\nenfortit i animat els creients tot al llarg de la hist\u00f2ria i molt sovint, en lloc d\u2019afeblir els creients<br \/>\ni de fer desapar\u00e8ixer l\u2019esgl\u00e9sia, ha produ\u00eft resultats totalment diferents. Els creients de<br \/>\nJerusalem es refugien en la preg\u00e0ria sense deixar de predicar Jes\u00fas i, per aix\u00f2, senten tot el<br \/>\npoder de l\u2019Esperit.<\/p>\n<p>L\u2019acci\u00f3 cristiana \u00e9s important, per\u00f2 \u00e9s l\u2019oraci\u00f3 la que ven\u00e7 les grans batalles de l\u2019esperit.<\/p>\n","protected":false},"excerpt":{"rendered":"<p>Dilluns, 9 de febrero Fets 3,1-10 Nosaltres, els catalans, diem molt sovint all\u00f2 de \u201csalut i pessetes\u201d que d\u00f3na fe dels nostre materialisme. Pere i Joan no en tenen, de diners. Ni or, ni plata. Per\u00f2 tenen una cosa millor: el missatge salvador de Jes\u00fas de Natzaret. La salut corporal \u00e9s important, per\u00f2 tamb\u00e9 ho [&hellip;]<\/p>\n","protected":false},"author":1,"featured_media":0,"comment_status":"open","ping_status":"open","sticky":false,"template":"","format":"standard","meta":{"_jetpack_memberships_contains_paid_content":false,"footnotes":""},"categories":[1,7],"tags":[],"class_list":["post-1025","post","type-post","status-publish","format-standard","hentry","category-general","category-meditacions-diaries"],"jetpack_sharing_enabled":true,"jetpack_featured_media_url":"","_links":{"self":[{"href":"https:\/\/eec.cat\/blog\/wp-json\/wp\/v2\/posts\/1025","targetHints":{"allow":["GET"]}}],"collection":[{"href":"https:\/\/eec.cat\/blog\/wp-json\/wp\/v2\/posts"}],"about":[{"href":"https:\/\/eec.cat\/blog\/wp-json\/wp\/v2\/types\/post"}],"author":[{"embeddable":true,"href":"https:\/\/eec.cat\/blog\/wp-json\/wp\/v2\/users\/1"}],"replies":[{"embeddable":true,"href":"https:\/\/eec.cat\/blog\/wp-json\/wp\/v2\/comments?post=1025"}],"version-history":[{"count":0,"href":"https:\/\/eec.cat\/blog\/wp-json\/wp\/v2\/posts\/1025\/revisions"}],"wp:attachment":[{"href":"https:\/\/eec.cat\/blog\/wp-json\/wp\/v2\/media?parent=1025"}],"wp:term":[{"taxonomy":"category","embeddable":true,"href":"https:\/\/eec.cat\/blog\/wp-json\/wp\/v2\/categories?post=1025"},{"taxonomy":"post_tag","embeddable":true,"href":"https:\/\/eec.cat\/blog\/wp-json\/wp\/v2\/tags?post=1025"}],"curies":[{"name":"wp","href":"https:\/\/api.w.org\/{rel}","templated":true}]}}