{"id":1022,"date":"2015-02-05T08:38:13","date_gmt":"2015-02-05T08:38:13","guid":{"rendered":"http:\/\/eec.cat\/blog\/?p=1022"},"modified":"2015-02-05T08:38:13","modified_gmt":"2015-02-05T08:38:13","slug":"el-consell-mundial-desglesies-demana-proteccio-pels-liders-desglesies-compromesos-amb-els-drets-humans-colombia","status":"publish","type":"post","link":"https:\/\/eec.cat\/blog\/el-consell-mundial-desglesies-demana-proteccio-pels-liders-desglesies-compromesos-amb-els-drets-humans-colombia\/","title":{"rendered":"El Consell Mundial d\u00b4Esgl\u00e9sies demana protecci\u00f3 pels l\u00edders d\u00b4esgl\u00e9sies compromesos amb els Drets Humans a Col\u00f2mbia"},"content":{"rendered":"<p><a href=\"http:\/\/eec.cat\/blog\/wp-content\/uploads\/2015\/02\/image.jpg\"><img loading=\"lazy\" decoding=\"async\" class=\"aligncenter size-full wp-image-1023\" src=\"http:\/\/eec.cat\/blog\/wp-content\/uploads\/2015\/02\/image.jpg\" alt=\"image\" width=\"850\" height=\"567\" srcset=\"https:\/\/eec.cat\/blog\/wp-content\/uploads\/2015\/02\/image.jpg 850w, https:\/\/eec.cat\/blog\/wp-content\/uploads\/2015\/02\/image-300x200.jpg 300w\" sizes=\"auto, (max-width: 850px) 100vw, 850px\" \/><\/a><\/p>\n<p><span style=\"color: #0000ff;\">Font: Consell Mundial d\u2019Esgl\u00e9sies<\/span><\/p>\n<p>Serioses amenaces de mort dirigides a defensors dels drets humans, molts d&#8217;ells capdavanters d&#8217;esgl\u00e9sies, han estat llan\u00e7ades per un grup paramilitar a Col\u00f2mbia. El Consell Mundial d&#8217;Esgl\u00e9sies (CME), entre altres organitzacions internacionals, ha demanat al govern colombi\u00e0 protecci\u00f3 per les seves vides.<\/p>\n<p>El 14 de gener, l&#8217;oficina de la Comissi\u00f3 d&#8217;Assumptes Internacionals del CME va rebre una queixa de l\u00edders d&#8217;esgl\u00e9sies a Col\u00f2mbia en relaci\u00f3 amb les amenaces de mort llan\u00e7ades contra ells per un grup paramilitar. El missatge indica que l&#8217;11 de gener 39 activistes de drets humans, reconeguts pel seu comprom\u00eds i treball pels drets de les v\u00edctimes, la restituci\u00f3 de terres i el suport i la promoci\u00f3 del proc\u00e9s de pau, van ser nomenats individualment en una llista publicada per l&#8217;organitzaci\u00f3 paramilitar \u00c0guiles Negres i m\u00e9s tard divulgada pel peri\u00f2dic colombi\u00e0 El Heraldo.<\/p>\n<p>El grup paramilitar va declarar expl\u00edcitament que aquestes persones eren considerades \u201cobjectiu militar\u201d, i va manifestar la seva intenci\u00f3 d&#8217;eliminar-les.<\/p>\n<p>Entre els activistes de drets humans esmentats, es troben tamb\u00e9 diversos destacats dirigents de l&#8217;esgl\u00e9sia colombiana, concretament, Agust\u00edn Jim\u00e9nez de l&#8217;Esgl\u00e9sia Menonita de Teusaquillo, el pastor Fernando S\u00e1nchez de l&#8217;Esgl\u00e9sia Anglicana en la Costa Carib, Jairo Barriga, Germ\u00e1n Z\u00e1rate i Milton Mej\u00eda de l&#8217;Esgl\u00e9sia Presbiteriana i el capell\u00e0 Fernando Gary Mart\u00ednez de l&#8217;Esgl\u00e9sia Cat\u00f2lica Romana.<\/p>\n<p>\u201cEls representants d&#8217;esgl\u00e9sies que apareixen en aquesta llista s\u00f3n membres molt respectats del moviment ecum\u00e8nic internacional amb els quals les esgl\u00e9sies membres del CME han treballat al llarg dels anys\u201d, va dir el secretari general inter\u00ed del CME Georges Lemopoulos, en una carta dirigida al president de Col\u00f2mbia, Dr. Juan Manuel Santos Calder\u00f3n, enviaa el 29 de gener.<\/p>\n<p>\u201cTots ells s\u00f3n coneguts pel seu extraordinari comprom\u00eds cristi\u00e0 i testimoniatge valent en la lluita per la vida, la pau, la just\u00edcia i la dignitat humana a Col\u00f2mbia\u201d, va dir Lemopoulos.<\/p>\n<p>Va qualificar de &#8220;molt preocupant&#8221; el fet que els l\u00edders d&#8217;esgl\u00e9sies i activistes dedicats a la promoci\u00f3 dels drets humans i en el proc\u00e9s de pau s&#8217;han convertit en objectius de viol\u00e8ncia. Tamb\u00e9 va plantejar la preocupaci\u00f3 que aquestes amenaces dificulten greument la labor dels defensors dels drets humans a Col\u00f2mbia creant \u201cun clima de por generalitzada\u201d.<\/p>\n<p>El CE, en solidaritat amb les esgl\u00e9sies i la societat civil a Col\u00f2mbia, ha demanat al govern colombi\u00e0 prendre &#8220;totes les mesures necess\u00e0ries per protegir efica\u00e7ment la vida i la integritat f\u00edsica dels l\u00edders religiosos esmentats i dels altres defensors dels drets humans sota amena\u00e7a; dur a terme una recerca independent i imparcial dels autors d&#8217;aquestes amenaces amb el degut proc\u00e9s i les sancions adequades; tenir presents les seves obligacions pel que fa a la seguretat i protecci\u00f3 dels qui treballen per la defensa dels drets humans i, a la llum d&#8217;aix\u00f2, adoptar immediatament les mesures eficaces que siguin necess\u00e0ries per garantir que aquests dirigents d&#8217;esgl\u00e9sia i defensors dels drets humans puguin continuar el seu treball de defensa de la dignitat humana sense c\u00f3rrer perill ni sofrir estigmatitzaci\u00f3\u201d.<\/p>\n<p>El CME compta amb una llarga traject\u00f2ria d&#8217;acompanyament a les esgl\u00e9sies i els habitants de Col\u00f2mbia en la seva lluita per posar fi al conflicte armat. El Consell ha organitzat visites de solidaritat al pa\u00eds, i els seus \u00f2rgans de govern han em\u00e8s declaracions p\u00fabliques denunciant les violacions dels drets humans, demanant la fi del conflicte armat i recolzant els passos cap a les converses de pau.<\/p>\n<p>Carta del CME al president de Col\u00f2mbia, Juan Manuel Santos Calder\u00f3n<\/p>\n","protected":false},"excerpt":{"rendered":"<p>Font: Consell Mundial d\u2019Esgl\u00e9sies Serioses amenaces de mort dirigides a defensors dels drets humans, molts d&#8217;ells capdavanters d&#8217;esgl\u00e9sies, han estat llan\u00e7ades per un grup paramilitar a Col\u00f2mbia. El Consell Mundial d&#8217;Esgl\u00e9sies (CME), entre altres organitzacions internacionals, ha demanat al govern colombi\u00e0 protecci\u00f3 per les seves vides. El 14 de gener, l&#8217;oficina de la Comissi\u00f3 d&#8217;Assumptes [&hellip;]<\/p>\n","protected":false},"author":1,"featured_media":0,"comment_status":"open","ping_status":"open","sticky":false,"template":"","format":"standard","meta":{"_jetpack_memberships_contains_paid_content":false,"footnotes":""},"categories":[4],"tags":[],"class_list":["post-1022","post","type-post","status-publish","format-standard","hentry","category-noticies"],"jetpack_sharing_enabled":true,"jetpack_featured_media_url":"","_links":{"self":[{"href":"https:\/\/eec.cat\/blog\/wp-json\/wp\/v2\/posts\/1022","targetHints":{"allow":["GET"]}}],"collection":[{"href":"https:\/\/eec.cat\/blog\/wp-json\/wp\/v2\/posts"}],"about":[{"href":"https:\/\/eec.cat\/blog\/wp-json\/wp\/v2\/types\/post"}],"author":[{"embeddable":true,"href":"https:\/\/eec.cat\/blog\/wp-json\/wp\/v2\/users\/1"}],"replies":[{"embeddable":true,"href":"https:\/\/eec.cat\/blog\/wp-json\/wp\/v2\/comments?post=1022"}],"version-history":[{"count":0,"href":"https:\/\/eec.cat\/blog\/wp-json\/wp\/v2\/posts\/1022\/revisions"}],"wp:attachment":[{"href":"https:\/\/eec.cat\/blog\/wp-json\/wp\/v2\/media?parent=1022"}],"wp:term":[{"taxonomy":"category","embeddable":true,"href":"https:\/\/eec.cat\/blog\/wp-json\/wp\/v2\/categories?post=1022"},{"taxonomy":"post_tag","embeddable":true,"href":"https:\/\/eec.cat\/blog\/wp-json\/wp\/v2\/tags?post=1022"}],"curies":[{"name":"wp","href":"https:\/\/api.w.org\/{rel}","templated":true}]}}